{"id":409,"date":"2020-06-04T17:39:14","date_gmt":"2020-06-04T15:39:14","guid":{"rendered":"https:\/\/develop.immobilienbusiness.ch\/de\/allgemein\/2020-06-04\/liestal-neuer-eigentumer-fur-ludin-areal\/"},"modified":"2020-06-04T17:39:14","modified_gmt":"2020-06-04T15:39:14","slug":"liestal-neuer-eigentumer-fur-ludin-areal","status":"publish","type":"post","link":"https:\/\/develop.immobilienbusiness.ch\/en\/ib\/2020-06-04\/liestal-neuer-eigentumer-fur-ludin-areal\/","title":{"rendered":"Liestal: Neuer Eigent\u00fcmer f\u00fcr L\u00fcdin-Areal"},"content":{"rendered":"<p>Der\u00a0Credit\u00a0Suisse Real Estate Fund\u00a0Siat\u00a0(CS REF\u00a0Siat) hat im ersten Halbjahr 2020\u00a0das\u00a0L\u00fcdin-Areal mitten in Liestal (BL) erworben &#8211; \u00abeine Immobilie mit Entwicklungspotenzial\u00bb, so\u00a0Credit\u00a0Suisse Funds.\u00a0\u00a0<\/p>\n<p lang=\"DE-DE\" xml:lang=\"DE-DE\">Im Jahr 2018 war bekannt geworden, dass die\u00a0L\u00fcdin\u00a0AG die \u00dcberbauung ihres 5.000 qm\u00a0grossen\u00a0Areals zwischen\u00a0Sch\u00fctzenstrasse,\u00a0Rheinstrasse\u00a0und Bahnhofstrasse am Rand der Altstadt von Liestal plante. Vorgesehen war eine dreizeilige \u00dcberbauung in Nord-S\u00fcd-Richtung parallel zur Bahnhofstrasse, wobei jedoch\u00a0offenblieb, was mit dem vierst\u00f6ckigen Gesch\u00e4ftshaus an der\u00a0Rheinstrasse\u00a0geschehen soll. Der Bau aus den 1950er Jahren ist im kantonalen Bauinventar als \u00abkommunal zu sch\u00fctzen\u00bb klassifiziert.\u00a0<\/p>\n<p lang=\"DE-DE\" xml:lang=\"DE-DE\">Die\u00a0L\u00fcdin\u00a0AG hatte damals angek\u00fcndigt, das\u00a0Grossprojekt\u00a0nicht selbst realisieren zu wollen. Sobald der Quartierplan stehe, soll es an einen Investor verkauft werden,\u00a0hiess\u00a0es damals. Baubeginn k\u00f6nnte im Fr\u00fchjahr 2023 sein.\u00a0<\/p>\n<p lang=\"DE-DE\" xml:lang=\"DE-DE\">\u00a0<\/p>","protected":false},"excerpt":{"rendered":"<p lang=\"DE-DE\" xml:lang=\"DE-DE\">Der Immobilienfonds CS REF\u00a0Siat\u00a0hat das\u00a0L\u00fcdin-Areal in Liestal (BL) erworben.<\/p>","protected":false},"author":23,"featured_media":0,"comment_status":"closed","ping_status":"closed","sticky":false,"template":"","format":"standard","meta":{"_acf_changed":false,"footnotes":""},"categories":[5],"tags":[11,41],"class_list":["post-409","post","type-post","status-publish","format-standard","hentry","category-ib","tag-in-planung","tag-verkauf"],"acf":[],"_links":{"self":[{"href":"https:\/\/develop.immobilienbusiness.ch\/en\/wp-json\/wp\/v2\/posts\/409","targetHints":{"allow":["GET"]}}],"collection":[{"href":"https:\/\/develop.immobilienbusiness.ch\/en\/wp-json\/wp\/v2\/posts"}],"about":[{"href":"https:\/\/develop.immobilienbusiness.ch\/en\/wp-json\/wp\/v2\/types\/post"}],"author":[{"embeddable":true,"href":"https:\/\/develop.immobilienbusiness.ch\/en\/wp-json\/wp\/v2\/users\/23"}],"replies":[{"embeddable":true,"href":"https:\/\/develop.immobilienbusiness.ch\/en\/wp-json\/wp\/v2\/comments?post=409"}],"version-history":[{"count":0,"href":"https:\/\/develop.immobilienbusiness.ch\/en\/wp-json\/wp\/v2\/posts\/409\/revisions"}],"wp:attachment":[{"href":"https:\/\/develop.immobilienbusiness.ch\/en\/wp-json\/wp\/v2\/media?parent=409"}],"wp:term":[{"taxonomy":"category","embeddable":true,"href":"https:\/\/develop.immobilienbusiness.ch\/en\/wp-json\/wp\/v2\/categories?post=409"},{"taxonomy":"post_tag","embeddable":true,"href":"https:\/\/develop.immobilienbusiness.ch\/en\/wp-json\/wp\/v2\/tags?post=409"}],"curies":[{"name":"wp","href":"https:\/\/api.w.org\/{rel}","templated":true}]}}