{"id":3877,"date":"2022-11-21T09:27:31","date_gmt":"2022-11-21T08:27:31","guid":{"rendered":"https:\/\/develop.immobilienbusiness.ch\/?p=3877"},"modified":"2022-11-21T09:27:31","modified_gmt":"2022-11-21T08:27:31","slug":"kanton-zuerich-hotel-und-wohnungsprojekt-in-adliswil-laut-zeitungsbericht-blockiert","status":"publish","type":"post","link":"https:\/\/develop.immobilienbusiness.ch\/en\/ib\/2022-11-21\/kanton-zuerich-hotel-und-wohnungsprojekt-in-adliswil-laut-zeitungsbericht-blockiert\/","title":{"rendered":"Kanton Z\u00fcrich: Hotel- und Wohnungsprojekt in Adliswil laut Zeitungsbericht blockiert"},"content":{"rendered":"<p>In Adliswil (ZH) soll als Teil des Gebiets \u00abZentrum S\u00fcd\u00bb das Projekt \u00abBaumgartenhof\u00bb mit einem Hotel- und zwei Wohngeb\u00e4uden entstehen. Die Entw\u00fcrfe lieferte das B\u00fcro Holzer Kobler Architekturen f\u00fcr die Immo Valoris AG. Wie die \u00abZ\u00fcrichseezeitung\u00bb berichtet, wird das auf 5.000 qm geplante und 38 Mio. CHF teure Vorhaben von Rekursen blockiert. Das Hotel w\u00e4re das zweite in Adliswil. <i>(aw)<\/i><\/p>","protected":false},"excerpt":{"rendered":"<p>Zwei Wohn- und ein Hotelgeb\u00e4ude, welches das B\u00fcro Holzer Kobler f\u00fcr Adliswil geplant hat, verz\u00f6gert sich laut der \u00abZ\u00fcrichseezeitung\u00bb.<\/p>","protected":false},"author":28,"featured_media":0,"comment_status":"closed","ping_status":"closed","sticky":false,"template":"","format":"standard","meta":{"_acf_changed":false,"footnotes":""},"categories":[5],"tags":[190,482,152,481,96,203,42],"class_list":["post-3877","post","type-post","status-publish","format-standard","hentry","category-ib","tag-adliswil","tag-holzer-kobler","tag-hotel","tag-immo-valoris","tag-projekt-in-planung","tag-wohnungen","tag-zh"],"acf":[],"_links":{"self":[{"href":"https:\/\/develop.immobilienbusiness.ch\/en\/wp-json\/wp\/v2\/posts\/3877","targetHints":{"allow":["GET"]}}],"collection":[{"href":"https:\/\/develop.immobilienbusiness.ch\/en\/wp-json\/wp\/v2\/posts"}],"about":[{"href":"https:\/\/develop.immobilienbusiness.ch\/en\/wp-json\/wp\/v2\/types\/post"}],"author":[{"embeddable":true,"href":"https:\/\/develop.immobilienbusiness.ch\/en\/wp-json\/wp\/v2\/users\/28"}],"replies":[{"embeddable":true,"href":"https:\/\/develop.immobilienbusiness.ch\/en\/wp-json\/wp\/v2\/comments?post=3877"}],"version-history":[{"count":1,"href":"https:\/\/develop.immobilienbusiness.ch\/en\/wp-json\/wp\/v2\/posts\/3877\/revisions"}],"predecessor-version":[{"id":3878,"href":"https:\/\/develop.immobilienbusiness.ch\/en\/wp-json\/wp\/v2\/posts\/3877\/revisions\/3878"}],"wp:attachment":[{"href":"https:\/\/develop.immobilienbusiness.ch\/en\/wp-json\/wp\/v2\/media?parent=3877"}],"wp:term":[{"taxonomy":"category","embeddable":true,"href":"https:\/\/develop.immobilienbusiness.ch\/en\/wp-json\/wp\/v2\/categories?post=3877"},{"taxonomy":"post_tag","embeddable":true,"href":"https:\/\/develop.immobilienbusiness.ch\/en\/wp-json\/wp\/v2\/tags?post=3877"}],"curies":[{"name":"wp","href":"https:\/\/api.w.org\/{rel}","templated":true}]}}