{"id":3836,"date":"2022-11-16T08:46:41","date_gmt":"2022-11-16T07:46:41","guid":{"rendered":"https:\/\/develop.immobilienbusiness.ch\/?p=3836"},"modified":"2022-11-16T08:49:02","modified_gmt":"2022-11-16T07:49:02","slug":"kanton-aargau-16-wohnungen-entstehen-in-ehemaliger-klosteranlage","status":"publish","type":"post","link":"https:\/\/develop.immobilienbusiness.ch\/en\/ib\/2022-11-16\/kanton-aargau-16-wohnungen-entstehen-in-ehemaliger-klosteranlage\/","title":{"rendered":"Kanton Aargau: 16 Wohnungen entstehen in ehemaliger Klosteranlage"},"content":{"rendered":"<p>In W\u00fcrenlos (AG) hat die Realisierung des Wohnprojekts \u201eerfahrbar\u201c begonnen. Im Kloster Fahr entstehen 16 Mehrgenerationen-Wohnungen mit ein bis sechs Zimmern. Investorin des Projekts \u201emit christlichem Touch\u201c ist die Pensionskasse Prosperita.<\/p>\n<p>Zu dem Projekt geh\u00f6ren die ehemalige B\u00e4uerinnenschule, die nun zum gemeinschaftlichen Wohnen umfunktioniert wird und das Restaurant, das sich derzeit im Umbau befindet.<\/p>\n<p>Im Rahmen einer \u00f6ffentlichen Ausschreibung erhielt das Properita-Projekt \u00aberfahrbar\u00bb 2018 den Zuschlag f\u00fcr die Neuausrichtung der Annexgeb\u00e4ude des Klosters. Den zweiten Platz der Ausschreibung erreichte die heutige Fahr Erlebnis AG, die in ihrer Projekteingabe den Schwerpunkt auf die Bereiche Landwirtschaft und Gastronomie gelegt hatte.<\/p>\n<p>IB hatte zuletzt <a href=\"https:\/\/develop.immobilienbusiness.ch\/en\/ib\/2020-07-16\/kloster-fahr-neuausrichtung-der-klosteranlagen\/\" target=\"_blank\" rel=\"noopener\">here<\/a> \u00fcber das Projekt berichtet. <i>(aw)<\/i><\/p>\n<p>&nbsp;<\/p>","protected":false},"excerpt":{"rendered":"<p>Die vierj\u00e4hriger Vorbereitungszeit f\u00fcr ein Mehrgenerationen-Projekt in W\u00fcrenlos neigt sich dem Ende. Es entstehen 16 Wohnungen durch die kirchliche Pensionskasse Prosperita.<\/p>","protected":false},"author":28,"featured_media":0,"comment_status":"closed","ping_status":"closed","sticky":false,"template":"","format":"standard","meta":{"_acf_changed":false,"footnotes":""},"categories":[5],"tags":[6,127,463,203,199],"class_list":["post-3836","post","type-post","status-publish","format-standard","hentry","category-ib","tag-ag","tag-projekt-im-bau","tag-prosperita","tag-wohnungen","tag-wuerenlos"],"acf":[],"_links":{"self":[{"href":"https:\/\/develop.immobilienbusiness.ch\/en\/wp-json\/wp\/v2\/posts\/3836","targetHints":{"allow":["GET"]}}],"collection":[{"href":"https:\/\/develop.immobilienbusiness.ch\/en\/wp-json\/wp\/v2\/posts"}],"about":[{"href":"https:\/\/develop.immobilienbusiness.ch\/en\/wp-json\/wp\/v2\/types\/post"}],"author":[{"embeddable":true,"href":"https:\/\/develop.immobilienbusiness.ch\/en\/wp-json\/wp\/v2\/users\/28"}],"replies":[{"embeddable":true,"href":"https:\/\/develop.immobilienbusiness.ch\/en\/wp-json\/wp\/v2\/comments?post=3836"}],"version-history":[{"count":3,"href":"https:\/\/develop.immobilienbusiness.ch\/en\/wp-json\/wp\/v2\/posts\/3836\/revisions"}],"predecessor-version":[{"id":3839,"href":"https:\/\/develop.immobilienbusiness.ch\/en\/wp-json\/wp\/v2\/posts\/3836\/revisions\/3839"}],"wp:attachment":[{"href":"https:\/\/develop.immobilienbusiness.ch\/en\/wp-json\/wp\/v2\/media?parent=3836"}],"wp:term":[{"taxonomy":"category","embeddable":true,"href":"https:\/\/develop.immobilienbusiness.ch\/en\/wp-json\/wp\/v2\/categories?post=3836"},{"taxonomy":"post_tag","embeddable":true,"href":"https:\/\/develop.immobilienbusiness.ch\/en\/wp-json\/wp\/v2\/tags?post=3836"}],"curies":[{"name":"wp","href":"https:\/\/api.w.org\/{rel}","templated":true}]}}