{"id":374,"date":"2020-05-21T10:33:16","date_gmt":"2020-05-21T08:33:16","guid":{"rendered":"https:\/\/develop.immobilienbusiness.ch\/de\/allgemein\/2020-05-21\/zurich-big-plant-sanierung-und-neubau-in-wiedikon\/"},"modified":"2020-05-21T10:33:16","modified_gmt":"2020-05-21T08:33:16","slug":"zurich-big-plant-sanierung-und-neubau-in-wiedikon","status":"publish","type":"post","link":"https:\/\/develop.immobilienbusiness.ch\/en\/ib\/2020-05-21\/zurich-big-plant-sanierung-und-neubau-in-wiedikon\/","title":{"rendered":"Z\u00fcrich: BiG plant Sanierung und Neubau in Wiedikon"},"content":{"rendered":"<p>Die Baugenossenschaft im Gut (BiG) hat gr\u00fcnes Licht f\u00fcr ein Grossprojekt erhalten. Sie will einen grossen Teil ihrer Bauten an der Gutstrasse in Z\u00fcrich-Wiedikon erneuern und gleichzeitig zus\u00e4tzlichen g\u00fcnstigen Wohnraum schaffen. Der Stadtrat hat dem \u00abMasterplan Gutstrasse, Baugenossenschaft im Gut\u00bb zugestimmt.Als Ersatz f\u00fcr die bisherigen rund 300 Wohnungen zwischen der Gutstrasse und dem Friedhof Sihlfeld sind nach Angaben des Hochbaudepartements rund 650 bis 750 preisg\u00fcnstige gemeinn\u00fctzige Wohnungen geplant. Dadurch kann die Zahl der Wohnungen in der Siedlung mehr als verdoppelt werden, zudem soll sich der qualitative und energetische Standard des Wohnraums verbessern. Mit dem Masterplan sollen auch grosse und hochwertige Freir\u00e4ume geschaffen werden.\u00a0Die nach Pl\u00e4nen der\u00a0Architekten Karl Egender und Wilhelm Josef M\u00fcller in den fr\u00fchen 1950er Jahren\u00a0errichtete\u00a0Genossenschaftssiedlung \u00abIm Gut\u00bb umfasst Wohnbauten, einen Kindergarten und ein Genossenschaftslokal sowie ein ehemaliges Ladenlokal, das heute als Bistro genutzt wird. Ein zur Siedlung geh\u00f6rendes Hochhaus, der Kindergarten und das Genossenschaftslokal sind\u00a0im kommunalen Inventar der kunst- und kulturhistorischen Schutzobjekte gelistet. Damit der Masterplan umgesetzt werden kann, m\u00fcssen der Kindergarten und das Genossenschaftslokal aus dem kommunalen Inventar entlassen werden, neu soll hingegen das als schutzw\u00fcrdig eingestufte ehemalige Ladenlokal ins Inventar aufgenommen werden. Diese Anpassungen hat der Stadtrat bereits beschlossen.\u00a0Der Masterplan wird nun der Generalversammlung der Baugenossenschaft im Gut vorgelegt, die \u00fcber die Realisierung abstimmen wird. Die Umsetzung der einzelnen Bauetappen soll \u00fcber einen l\u00e4ngeren Zeitraum und gestaffelt erfolgen. Der Wettbewerb f\u00fcr die erste Etappe ist derzeit ausgeschrieben.<\/p>","protected":false},"excerpt":{"rendered":"<p>Die Baugenossenschaft im Gut (BiG) will ihre Siedlung entlang der Gutstrasse in Z\u00fcrich-Wiedikon verdichten. Es sollen rund 650 bis 750 neue preisg\u00fcnstige Wohnungen entstehen, derzeit gibt es dort 300 Einheiten.<\/p>","protected":false},"author":24,"featured_media":0,"comment_status":"closed","ping_status":"closed","sticky":false,"template":"","format":"standard","meta":{"_acf_changed":false,"footnotes":""},"categories":[5],"tags":[11,4,42],"class_list":["post-374","post","type-post","status-publish","format-standard","hentry","category-ib","tag-in-planung","tag-mehrfamilienhaus-miete","tag-zh"],"acf":[],"_links":{"self":[{"href":"https:\/\/develop.immobilienbusiness.ch\/en\/wp-json\/wp\/v2\/posts\/374","targetHints":{"allow":["GET"]}}],"collection":[{"href":"https:\/\/develop.immobilienbusiness.ch\/en\/wp-json\/wp\/v2\/posts"}],"about":[{"href":"https:\/\/develop.immobilienbusiness.ch\/en\/wp-json\/wp\/v2\/types\/post"}],"author":[{"embeddable":true,"href":"https:\/\/develop.immobilienbusiness.ch\/en\/wp-json\/wp\/v2\/users\/24"}],"replies":[{"embeddable":true,"href":"https:\/\/develop.immobilienbusiness.ch\/en\/wp-json\/wp\/v2\/comments?post=374"}],"version-history":[{"count":0,"href":"https:\/\/develop.immobilienbusiness.ch\/en\/wp-json\/wp\/v2\/posts\/374\/revisions"}],"wp:attachment":[{"href":"https:\/\/develop.immobilienbusiness.ch\/en\/wp-json\/wp\/v2\/media?parent=374"}],"wp:term":[{"taxonomy":"category","embeddable":true,"href":"https:\/\/develop.immobilienbusiness.ch\/en\/wp-json\/wp\/v2\/categories?post=374"},{"taxonomy":"post_tag","embeddable":true,"href":"https:\/\/develop.immobilienbusiness.ch\/en\/wp-json\/wp\/v2\/tags?post=374"}],"curies":[{"name":"wp","href":"https:\/\/api.w.org\/{rel}","templated":true}]}}