{"id":3632,"date":"2022-10-29T20:01:40","date_gmt":"2022-10-29T18:01:40","guid":{"rendered":"https:\/\/develop.immobilienbusiness.ch\/?p=3632"},"modified":"2022-11-02T10:11:17","modified_gmt":"2022-11-02T09:11:17","slug":"appenzell-widerstand-gegen-geplante-einzung-von-10-hektaren-in-speicher","status":"publish","type":"post","link":"https:\/\/develop.immobilienbusiness.ch\/en\/ib\/2022-10-29\/appenzell-widerstand-gegen-geplante-einzung-von-10-hektaren-in-speicher\/","title":{"rendered":"Appenzell: Widerstand gegen geplante Einzonung von 10 Hektaren in Speicher"},"content":{"rendered":"<p>In der Gemeinde Speicher (AR) hat sich eine Initiative gegen \u00fcberm\u00e4ssiges Wachstum formiert. Die \u201eIG Massvoll Wachsen\u201c verweist auf den neuen Richtplan, der die m\u00f6gliche Einzonung von sieben weiteren Gebieten vorsieht, n\u00e4mlich die Areale Bendlehn, R\u00fcschen, Steinegg, Stoss, Teufenerstrasse, Trogenerstrasse\/S\u00e4glibach sowie Wies. Insgesamt gehe es um eine Fl\u00e4che von \u00fcber 100.000 qm. Auch ohne m\u00f6gliche Einzonungen habe Speicher aber ein Potential zur Verdichtung von rund 40.000 qm, so die Initiative.<\/p>\n<p>Aktuell informiert die Gemeinde \u00fcber die geplante \u00dcberbauung \u201eWies\u201c auf den Parzellen 269 und 1161 im Osten der Gemeinde an der Kantonsstrasse Buchenstrasse. Die Regelbauvorschriften der Gewerbezone GE II sehen keine Ausn\u00fctzungsziffer, jedoch ein maximales Geb\u00e4udevolumen von 6.000 m\u00b3 pro Geb\u00e4ude vor. Der Grundeigent\u00fcmer der beiden Grundst\u00fccke, die Imgra GmbH, beabsichtigt die rund 6.750 qm grosse Fl\u00e4che zu \u00fcberbauen. <i>(aw)<\/i><\/p>\n<p>&nbsp;<\/p>","protected":false},"excerpt":{"rendered":"<p>Die Gemeinde Speicher (AR) plant f\u00fcr weiteres Wachstum die Einzonung von sieben weiteren Arealen. Dagegen hat sich eine Initiative gebildet.<\/p>","protected":false},"author":28,"featured_media":0,"comment_status":"closed","ping_status":"closed","sticky":false,"template":"","format":"standard","meta":{"_acf_changed":false,"footnotes":""},"categories":[5],"tags":[87,374,375,203],"class_list":["post-3632","post","type-post","status-publish","format-standard","hentry","category-ib","tag-ar","tag-projekte-in-planung","tag-speicher","tag-wohnungen"],"acf":[],"_links":{"self":[{"href":"https:\/\/develop.immobilienbusiness.ch\/en\/wp-json\/wp\/v2\/posts\/3632","targetHints":{"allow":["GET"]}}],"collection":[{"href":"https:\/\/develop.immobilienbusiness.ch\/en\/wp-json\/wp\/v2\/posts"}],"about":[{"href":"https:\/\/develop.immobilienbusiness.ch\/en\/wp-json\/wp\/v2\/types\/post"}],"author":[{"embeddable":true,"href":"https:\/\/develop.immobilienbusiness.ch\/en\/wp-json\/wp\/v2\/users\/28"}],"replies":[{"embeddable":true,"href":"https:\/\/develop.immobilienbusiness.ch\/en\/wp-json\/wp\/v2\/comments?post=3632"}],"version-history":[{"count":2,"href":"https:\/\/develop.immobilienbusiness.ch\/en\/wp-json\/wp\/v2\/posts\/3632\/revisions"}],"predecessor-version":[{"id":3693,"href":"https:\/\/develop.immobilienbusiness.ch\/en\/wp-json\/wp\/v2\/posts\/3632\/revisions\/3693"}],"wp:attachment":[{"href":"https:\/\/develop.immobilienbusiness.ch\/en\/wp-json\/wp\/v2\/media?parent=3632"}],"wp:term":[{"taxonomy":"category","embeddable":true,"href":"https:\/\/develop.immobilienbusiness.ch\/en\/wp-json\/wp\/v2\/categories?post=3632"},{"taxonomy":"post_tag","embeddable":true,"href":"https:\/\/develop.immobilienbusiness.ch\/en\/wp-json\/wp\/v2\/tags?post=3632"}],"curies":[{"name":"wp","href":"https:\/\/api.w.org\/{rel}","templated":true}]}}