{"id":3623,"date":"2022-10-29T19:01:44","date_gmt":"2022-10-29T17:01:44","guid":{"rendered":"https:\/\/develop.immobilienbusiness.ch\/?p=3623"},"modified":"2022-10-29T19:01:47","modified_gmt":"2022-10-29T17:01:47","slug":"kanton-bern-alfred-mueller-espace-und-halter-ueberbauuen-aebi-areal-in-burgdorf","status":"publish","type":"post","link":"https:\/\/develop.immobilienbusiness.ch\/en\/ib\/2022-10-29\/kanton-bern-alfred-mueller-espace-und-halter-ueberbauuen-aebi-areal-in-burgdorf\/","title":{"rendered":"Kanton Bern: Alfred M\u00fcller, Espace und Halter \u00fcberbauuen Aebi-Areal in Burgdorf"},"content":{"rendered":"<figure id=\"attachment_3624\" aria-describedby=\"caption-attachment-3624\" style=\"width: 300px\" class=\"wp-caption alignnone\"><img loading=\"lazy\" decoding=\"async\" class=\"size-medium wp-image-3624\" src=\"https:\/\/develop.immobilienbusiness.ch\/wp-content\/uploads\/2022\/10\/Illustration-1_Aebiareal_Burgdorf_Aebiplatz-300x200.jpg\" alt=\"\" width=\"300\" height=\"200\" srcset=\"https:\/\/develop.immobilienbusiness.ch\/wp-content\/uploads\/2022\/10\/Illustration-1_Aebiareal_Burgdorf_Aebiplatz-300x200.jpg 300w, https:\/\/develop.immobilienbusiness.ch\/wp-content\/uploads\/2022\/10\/Illustration-1_Aebiareal_Burgdorf_Aebiplatz-1024x683.jpg 1024w, https:\/\/develop.immobilienbusiness.ch\/wp-content\/uploads\/2022\/10\/Illustration-1_Aebiareal_Burgdorf_Aebiplatz-768x512.jpg 768w, https:\/\/develop.immobilienbusiness.ch\/wp-content\/uploads\/2022\/10\/Illustration-1_Aebiareal_Burgdorf_Aebiplatz-1536x1024.jpg 1536w, https:\/\/develop.immobilienbusiness.ch\/wp-content\/uploads\/2022\/10\/Illustration-1_Aebiareal_Burgdorf_Aebiplatz-2048x1365.jpg 2048w, https:\/\/develop.immobilienbusiness.ch\/wp-content\/uploads\/2022\/10\/Illustration-1_Aebiareal_Burgdorf_Aebiplatz-16x12.jpg 16w, https:\/\/develop.immobilienbusiness.ch\/wp-content\/uploads\/2022\/10\/Illustration-1_Aebiareal_Burgdorf_Aebiplatz-263x175.jpg 263w, https:\/\/develop.immobilienbusiness.ch\/wp-content\/uploads\/2022\/10\/Illustration-1_Aebiareal_Burgdorf_Aebiplatz-525x350.jpg 525w, https:\/\/develop.immobilienbusiness.ch\/wp-content\/uploads\/2022\/10\/Illustration-1_Aebiareal_Burgdorf_Aebiplatz-1200x800.jpg 1200w, https:\/\/develop.immobilienbusiness.ch\/wp-content\/uploads\/2022\/10\/Illustration-1_Aebiareal_Burgdorf_Aebiplatz-920x613.jpg 920w, https:\/\/develop.immobilienbusiness.ch\/wp-content\/uploads\/2022\/10\/Illustration-1_Aebiareal_Burgdorf_Aebiplatz-1400x933.jpg 1400w\" sizes=\"auto, (max-width: 300px) 100vw, 300px\" \/><figcaption id=\"caption-attachment-3624\" class=\"wp-caption-text\">Visualisierung des Aebiplatz (Bild: IG Aebiareal)<\/figcaption><\/figure>\n<p>Am 18. Oktober fand die Grundsteinlegung f\u00fcr das Aebi-Areal in Burgdorf (BE) statt. Das ehemalige Areal des Maschinenbauers Aebi geh\u00f6rt heute u.a. der Halter AG, der Espace Real Estate und der Alfred M\u00fcller AG, welche sich zur Interessengemeinschaft Aebi-Areal zusammengeschlossen haben. Auf einer Grundfl\u00e4che von 22.000 qm sind 40 000 m\u00b2 Bruttogrundfl\u00e4che f\u00fcr 250 Wohnungen sowie Dienstleistungen und Restaurants geplant. Ein Anteil von mindestens 40% der Nutzfl\u00e4che ist f\u00fcr Gewerbe, B\u00fcros und Gesundheit vorgesehen. Die erste Bauetappe umfasst 7.000 qm Dienstleistungsfl\u00e4chen und 80 Wohnungen. In drei Jahren k\u00f6nnte das Gesamtprojekt bereits abgeschlossen sein. (aw)<\/p>","protected":false},"excerpt":{"rendered":"<p>Vor kurzem fand in Burgdorf (BE) die Grundsteinlegung f\u00fcr ein Projekt statt, das 40.000 qm f\u00fcr 250 Wohnungen und Gewerbefl\u00e4chen umfasst.<\/p>","protected":false},"author":28,"featured_media":3624,"comment_status":"closed","ping_status":"closed","sticky":false,"template":"","format":"standard","meta":{"_acf_changed":false,"footnotes":""},"categories":[5],"tags":[353,7,369,229,181,96,16,203],"class_list":["post-3623","post","type-post","status-publish","format-standard","has-post-thumbnail","hentry","category-ib","tag-alfred-mueller-ag","tag-buro","tag-espace-real-estate-ag","tag-gewerbe","tag-halter-ag","tag-projekt-in-planung","tag-retail","tag-wohnungen"],"acf":[],"_links":{"self":[{"href":"https:\/\/develop.immobilienbusiness.ch\/en\/wp-json\/wp\/v2\/posts\/3623","targetHints":{"allow":["GET"]}}],"collection":[{"href":"https:\/\/develop.immobilienbusiness.ch\/en\/wp-json\/wp\/v2\/posts"}],"about":[{"href":"https:\/\/develop.immobilienbusiness.ch\/en\/wp-json\/wp\/v2\/types\/post"}],"author":[{"embeddable":true,"href":"https:\/\/develop.immobilienbusiness.ch\/en\/wp-json\/wp\/v2\/users\/28"}],"replies":[{"embeddable":true,"href":"https:\/\/develop.immobilienbusiness.ch\/en\/wp-json\/wp\/v2\/comments?post=3623"}],"version-history":[{"count":1,"href":"https:\/\/develop.immobilienbusiness.ch\/en\/wp-json\/wp\/v2\/posts\/3623\/revisions"}],"predecessor-version":[{"id":3625,"href":"https:\/\/develop.immobilienbusiness.ch\/en\/wp-json\/wp\/v2\/posts\/3623\/revisions\/3625"}],"wp:featuredmedia":[{"embeddable":true,"href":"https:\/\/develop.immobilienbusiness.ch\/en\/wp-json\/wp\/v2\/media\/3624"}],"wp:attachment":[{"href":"https:\/\/develop.immobilienbusiness.ch\/en\/wp-json\/wp\/v2\/media?parent=3623"}],"wp:term":[{"taxonomy":"category","embeddable":true,"href":"https:\/\/develop.immobilienbusiness.ch\/en\/wp-json\/wp\/v2\/categories?post=3623"},{"taxonomy":"post_tag","embeddable":true,"href":"https:\/\/develop.immobilienbusiness.ch\/en\/wp-json\/wp\/v2\/tags?post=3623"}],"curies":[{"name":"wp","href":"https:\/\/api.w.org\/{rel}","templated":true}]}}