{"id":2904,"date":"2022-03-11T08:53:25","date_gmt":"2022-03-11T07:53:25","guid":{"rendered":"https:\/\/develop.immobilienbusiness.ch\/de\/allgemein\/2022-03-11\/zug-alfred-muller-hat-neue-plane-fur-das-salesianum-areal\/"},"modified":"2022-03-11T08:53:25","modified_gmt":"2022-03-11T07:53:25","slug":"zug-alfred-muller-hat-neue-plane-fur-das-salesianum-areal","status":"publish","type":"post","link":"https:\/\/develop.immobilienbusiness.ch\/en\/ib\/2022-03-11\/zug-alfred-muller-hat-neue-plane-fur-das-salesianum-areal\/","title":{"rendered":"Zug: Alfred M\u00fcller hat neue Pl\u00e4ne f\u00fcr das Salesianum-Areal"},"content":{"rendered":"<p><span><span><span>Wie die Alfred M\u00fcller AG mitteilt, will sie das vor rund einem Jahr eingereichte Projekt f\u00fcr das Salesianum-Areal nicht weiterverfolgen. Gegen das Projekt sei Einsprache eingereicht worden und es bestehe ein Risiko, dass sich das Projekt bei einem Gang durch alle rechtlichen Instanzen l\u00e4nger verz\u00f6gern k\u00f6nnte, teilt die Immobilienfirma mit. <\/span><\/span><\/span><\/p>\n<p><span><span><span>Statt langwieriger juristischer Auseinandersetzungen strebe man eine zeitnahe Umsetzung an und wolle neuen Wohnraum schaffen, sagt Christoph M\u00fcller, Pr\u00e4sident des Verwaltungsrats der Alfred M\u00fcller AG. Man kehre zur\u00fcck zum Ursprungsprojekt, basierend auf dem Richtprojekt und dem genehmigten und rechtsg\u00fcltigen Bebauungsplan, so M\u00fcller.<\/span><\/span><\/span><\/p>\n<p><span><span><span>Zurzeit wird nach Unternehmensangaben ein neues Baugesuch erarbeitet, das diesen Sommer eingereicht werden soll. Mit dem Projekt sollen 56 neue Wohnungen an attraktiver Lage am Zugersee entstehen.<\/span><\/span><\/span><\/p>","protected":false},"excerpt":{"rendered":"<p><span><span><span>Die Alfred M\u00fcller AG will diesen Sommer ein neues Baugesuch f\u00fcr das Salesianum-Areal in Zug einreichen. Direkt am Zugersee soll neuer Wohnraum entstehen.<\/span><\/span><\/span><\/p>","protected":false},"author":23,"featured_media":0,"comment_status":"closed","ping_status":"closed","sticky":false,"template":"","format":"standard","meta":{"_acf_changed":false,"footnotes":""},"categories":[5],"tags":[11,20],"class_list":["post-2904","post","type-post","status-publish","format-standard","hentry","category-ib","tag-in-planung","tag-zg"],"acf":[],"_links":{"self":[{"href":"https:\/\/develop.immobilienbusiness.ch\/en\/wp-json\/wp\/v2\/posts\/2904","targetHints":{"allow":["GET"]}}],"collection":[{"href":"https:\/\/develop.immobilienbusiness.ch\/en\/wp-json\/wp\/v2\/posts"}],"about":[{"href":"https:\/\/develop.immobilienbusiness.ch\/en\/wp-json\/wp\/v2\/types\/post"}],"author":[{"embeddable":true,"href":"https:\/\/develop.immobilienbusiness.ch\/en\/wp-json\/wp\/v2\/users\/23"}],"replies":[{"embeddable":true,"href":"https:\/\/develop.immobilienbusiness.ch\/en\/wp-json\/wp\/v2\/comments?post=2904"}],"version-history":[{"count":0,"href":"https:\/\/develop.immobilienbusiness.ch\/en\/wp-json\/wp\/v2\/posts\/2904\/revisions"}],"wp:attachment":[{"href":"https:\/\/develop.immobilienbusiness.ch\/en\/wp-json\/wp\/v2\/media?parent=2904"}],"wp:term":[{"taxonomy":"category","embeddable":true,"href":"https:\/\/develop.immobilienbusiness.ch\/en\/wp-json\/wp\/v2\/categories?post=2904"},{"taxonomy":"post_tag","embeddable":true,"href":"https:\/\/develop.immobilienbusiness.ch\/en\/wp-json\/wp\/v2\/tags?post=2904"}],"curies":[{"name":"wp","href":"https:\/\/api.w.org\/{rel}","templated":true}]}}