{"id":2903,"date":"2022-03-11T08:29:52","date_gmt":"2022-03-11T07:29:52","guid":{"rendered":"https:\/\/develop.immobilienbusiness.ch\/de\/allgemein\/2022-03-11\/swiss-life-am-projektentwicklung-in-bonn-geplant\/"},"modified":"2022-03-11T08:29:52","modified_gmt":"2022-03-11T07:29:52","slug":"swiss-life-am-projektentwicklung-in-bonn-geplant","status":"publish","type":"post","link":"https:\/\/develop.immobilienbusiness.ch\/en\/ib\/2022-03-11\/swiss-life-am-projektentwicklung-in-bonn-geplant\/","title":{"rendered":"Swiss Life AM: Projektentwicklung in Bonn geplant"},"content":{"rendered":"<p><span><span><span>Das Grundst\u00fcck am Kaiser-Karl-Ring in der Bonner Nordstadt hat eine Fl\u00e4che von 6.900 qm und liegt in einem gehobenen innerst\u00e4dtischen Wohnviertel. Die Bestandsgeb\u00e4ude stehen leer und sollen r\u00fcckgebaut werden, sobald die Abbruchgenehmigung vorliegt, k\u00fcndigt Swiss Life Asset Managers an. Als Ersatz soll ein Wohn- und Gewerbeprojekt mit Schwerpunkt Wohnnutzung entstehen. Geplant sei ein Mix aus Eigentumswohnungen, Mietwohnungen und sozial gef\u00f6rderten Wohnungen, so der Asset Manager. Daneben k\u00f6nnten eine Kindertagesst\u00e4tte, Retailfl\u00e4chen und medizinische Nutzungen das Projekt erg\u00e4nzen. 2024 sollen die Hochbauarbeiten starten, die Fertigstellung ist f\u00fcr Ende 2026 geplant.<\/span><\/span><\/span><\/p>\n<p><span><span><span>Swiss Life Asset Managers entwickelt in Bonn unter anderem den Office-Campus Westside, wo bis zum Jahr 2025 auf f\u00fcnf Baufeldern rund 30.000 qm Gewerbefl\u00e4chen entstehen. Zudem saniert der Asset Manager das ehemalige Hauptverwaltungsgeb\u00e4ude der Versicherung Deutscher Herold an der Poppelsdorfer Allee. Insgesamt umfasst das Areal eine Fl\u00e4che von 24.500 qm, auf der auch 280 Wohneinheiten entstehen sollen.<\/span><\/span><\/span><\/p>","protected":false},"excerpt":{"rendered":"<p><span><span><span>Swiss Life Asset Managers hat in der Innenstadt von Bonn ein Grundst\u00fcck erworben, auf dem eine Wohn- und Gewerbe\u00fcberbauung entstehen soll.<\/span><\/span><\/span><\/p>","protected":false},"author":23,"featured_media":0,"comment_status":"closed","ping_status":"closed","sticky":false,"template":"","format":"standard","meta":{"_acf_changed":false,"footnotes":""},"categories":[5],"tags":[11,58],"class_list":["post-2903","post","type-post","status-publish","format-standard","hentry","category-ib","tag-in-planung","tag-wohn-und-gewerbeimmobilie"],"acf":[],"_links":{"self":[{"href":"https:\/\/develop.immobilienbusiness.ch\/en\/wp-json\/wp\/v2\/posts\/2903","targetHints":{"allow":["GET"]}}],"collection":[{"href":"https:\/\/develop.immobilienbusiness.ch\/en\/wp-json\/wp\/v2\/posts"}],"about":[{"href":"https:\/\/develop.immobilienbusiness.ch\/en\/wp-json\/wp\/v2\/types\/post"}],"author":[{"embeddable":true,"href":"https:\/\/develop.immobilienbusiness.ch\/en\/wp-json\/wp\/v2\/users\/23"}],"replies":[{"embeddable":true,"href":"https:\/\/develop.immobilienbusiness.ch\/en\/wp-json\/wp\/v2\/comments?post=2903"}],"version-history":[{"count":0,"href":"https:\/\/develop.immobilienbusiness.ch\/en\/wp-json\/wp\/v2\/posts\/2903\/revisions"}],"wp:attachment":[{"href":"https:\/\/develop.immobilienbusiness.ch\/en\/wp-json\/wp\/v2\/media?parent=2903"}],"wp:term":[{"taxonomy":"category","embeddable":true,"href":"https:\/\/develop.immobilienbusiness.ch\/en\/wp-json\/wp\/v2\/categories?post=2903"},{"taxonomy":"post_tag","embeddable":true,"href":"https:\/\/develop.immobilienbusiness.ch\/en\/wp-json\/wp\/v2\/tags?post=2903"}],"curies":[{"name":"wp","href":"https:\/\/api.w.org\/{rel}","templated":true}]}}