{"id":265,"date":"2020-04-30T08:56:19","date_gmt":"2020-04-30T06:56:19","guid":{"rendered":"https:\/\/develop.immobilienbusiness.ch\/de\/allgemein\/2020-04-30\/bern-sps-soll-neue-wohnsiedlung-bauen\/"},"modified":"2020-04-30T08:56:19","modified_gmt":"2020-04-30T06:56:19","slug":"bern-sps-soll-neue-wohnsiedlung-bauen","status":"publish","type":"post","link":"https:\/\/develop.immobilienbusiness.ch\/en\/ib\/2020-04-30\/bern-sps-soll-neue-wohnsiedlung-bauen\/","title":{"rendered":"Bern: SPS soll neue Wohnsiedlung bauen"},"content":{"rendered":"<p>Das Areal Weltpoststrasse Nord liegt an der Autobahn A6 zwischen der Siedlung Murifeld und den fr\u00fcheren B\u00fcrogeb\u00e4uden der Credit Suisse. Es soll vom Arbeits- zum Wohnstandort werden.<\/p>\n<p>Vorgesehen ist der Bau von drei sechsgeschossigen Wohnbl\u00f6cken mit insgesamt etwa 175 Wohnungen f\u00fcr rund 340 Personen. Die \u00dcberbauungsordnung legt fest, dass die W\u00e4rmeversorgung zu mindestens 70 Prozent aus erneuerbaren Energiequellen erfolgen muss, und dass mindestens ein Drittel der Wohnungen bzw. 6.100 qm oberirdische Geschossfl\u00e4che f\u00fcr preisg\u00fcnstige Mietwohnungen reserviert wird. Dar\u00fcber hinaus hat sich SPS dazu verpflichtet, die \u00dcberbauung nach dem SIA-Effizienzpfad Energie zur Erreichung der Ziele der 2000-Watt-Gesellschaft zu realisieren.<\/p>\n<p>Wenn der Stadtrat und die Stimmberechtigten die \u00dcberbauungsordnung gutheissen, wird voraussichtlich 2017 ein Baubewilligungsverfahren f\u00fcr das konkrete Bauvorhaben durchgef\u00fchrt. Der Bezug der ersten Wohnungen ist f\u00fcr 2019 vorgesehen.<\/p>","protected":false},"excerpt":{"rendered":"<p>Auf dem Areal Weltpoststrasse Nord in Bern soll eine neue Siedlung mit rund 175 Wohnungen entstehen. Die Grundeigent\u00fcmerin Burgergemeinde Bern hat das Gel\u00e4nde im Baurecht an die Swiss Prime Site AG (SPS) abgegeben.<\/p>","protected":false},"author":23,"featured_media":0,"comment_status":"closed","ping_status":"closed","sticky":false,"template":"","format":"standard","meta":{"_acf_changed":false,"footnotes":""},"categories":[5],"tags":[25,11,4],"class_list":["post-265","post","type-post","status-publish","format-standard","hentry","category-ib","tag-be","tag-in-planung","tag-mehrfamilienhaus-miete"],"acf":[],"_links":{"self":[{"href":"https:\/\/develop.immobilienbusiness.ch\/en\/wp-json\/wp\/v2\/posts\/265","targetHints":{"allow":["GET"]}}],"collection":[{"href":"https:\/\/develop.immobilienbusiness.ch\/en\/wp-json\/wp\/v2\/posts"}],"about":[{"href":"https:\/\/develop.immobilienbusiness.ch\/en\/wp-json\/wp\/v2\/types\/post"}],"author":[{"embeddable":true,"href":"https:\/\/develop.immobilienbusiness.ch\/en\/wp-json\/wp\/v2\/users\/23"}],"replies":[{"embeddable":true,"href":"https:\/\/develop.immobilienbusiness.ch\/en\/wp-json\/wp\/v2\/comments?post=265"}],"version-history":[{"count":0,"href":"https:\/\/develop.immobilienbusiness.ch\/en\/wp-json\/wp\/v2\/posts\/265\/revisions"}],"wp:attachment":[{"href":"https:\/\/develop.immobilienbusiness.ch\/en\/wp-json\/wp\/v2\/media?parent=265"}],"wp:term":[{"taxonomy":"category","embeddable":true,"href":"https:\/\/develop.immobilienbusiness.ch\/en\/wp-json\/wp\/v2\/categories?post=265"},{"taxonomy":"post_tag","embeddable":true,"href":"https:\/\/develop.immobilienbusiness.ch\/en\/wp-json\/wp\/v2\/tags?post=265"}],"curies":[{"name":"wp","href":"https:\/\/api.w.org\/{rel}","templated":true}]}}