{"id":2578,"date":"2021-12-07T10:03:46","date_gmt":"2021-12-07T09:03:46","guid":{"rendered":"https:\/\/develop.immobilienbusiness.ch\/de\/allgemein\/2021-12-07\/langendorf-drogeriekette-muller-eroffnet-filiale\/"},"modified":"2021-12-07T10:03:46","modified_gmt":"2021-12-07T09:03:46","slug":"langendorf-drogeriekette-muller-eroffnet-filiale","status":"publish","type":"post","link":"https:\/\/develop.immobilienbusiness.ch\/en\/ib\/2021-12-07\/langendorf-drogeriekette-muller-eroffnet-filiale\/","title":{"rendered":"Langendorf: Drogeriekette M\u00fcller er\u00f6ffnet Filiale"},"content":{"rendered":"<p><span><span><span>Die neue M\u00fcller-Filiale im Einkaufszentrum an der Fabrikstrasse 6 in Langendorf ist 1.800 qm gross und damit das zweitgr\u00f6sste Ladenlokal des Unternehmens in der Schweiz.<\/span><\/span><\/span><\/p>\n<p><span><span><span>Das Angebot umfasst Schreibwaren, B\u00fccher, Spielwaren, Multi-Media, Parf\u00fcmerie- und Drogerie-Erzeugnisse sowie Str\u00fcmpfe, Handarbeitsartikel und einen Naturshop. Erstmals in der Schweiz gibt es in Langendorf bei M\u00fcller auch Haushaltswaren zu kaufen.<\/span><\/span><\/span><\/p>","protected":false},"excerpt":{"rendered":"<p><span><span><span>Die deutsche Drogeriemarktkette M\u00fcller hat eine Filiale im Einkaufszentrum von Langendorf (SO) er\u00f6ffnet.<\/span><\/span><\/span><\/p>","protected":false},"author":23,"featured_media":0,"comment_status":"closed","ping_status":"closed","sticky":false,"template":"","format":"standard","meta":{"_acf_changed":false,"footnotes":""},"categories":[5],"tags":[16,33],"class_list":["post-2578","post","type-post","status-publish","format-standard","hentry","category-ib","tag-retail","tag-so"],"acf":[],"_links":{"self":[{"href":"https:\/\/develop.immobilienbusiness.ch\/en\/wp-json\/wp\/v2\/posts\/2578","targetHints":{"allow":["GET"]}}],"collection":[{"href":"https:\/\/develop.immobilienbusiness.ch\/en\/wp-json\/wp\/v2\/posts"}],"about":[{"href":"https:\/\/develop.immobilienbusiness.ch\/en\/wp-json\/wp\/v2\/types\/post"}],"author":[{"embeddable":true,"href":"https:\/\/develop.immobilienbusiness.ch\/en\/wp-json\/wp\/v2\/users\/23"}],"replies":[{"embeddable":true,"href":"https:\/\/develop.immobilienbusiness.ch\/en\/wp-json\/wp\/v2\/comments?post=2578"}],"version-history":[{"count":0,"href":"https:\/\/develop.immobilienbusiness.ch\/en\/wp-json\/wp\/v2\/posts\/2578\/revisions"}],"wp:attachment":[{"href":"https:\/\/develop.immobilienbusiness.ch\/en\/wp-json\/wp\/v2\/media?parent=2578"}],"wp:term":[{"taxonomy":"category","embeddable":true,"href":"https:\/\/develop.immobilienbusiness.ch\/en\/wp-json\/wp\/v2\/categories?post=2578"},{"taxonomy":"post_tag","embeddable":true,"href":"https:\/\/develop.immobilienbusiness.ch\/en\/wp-json\/wp\/v2\/tags?post=2578"}],"curies":[{"name":"wp","href":"https:\/\/api.w.org\/{rel}","templated":true}]}}