{"id":2573,"date":"2021-12-06T11:08:21","date_gmt":"2021-12-06T10:08:21","guid":{"rendered":"https:\/\/develop.immobilienbusiness.ch\/de\/allgemein\/2021-12-06\/deisswil-neue-mieter-fur-den-bernapark\/"},"modified":"2021-12-06T11:08:21","modified_gmt":"2021-12-06T10:08:21","slug":"deisswil-neue-mieter-fur-den-bernapark","status":"publish","type":"post","link":"https:\/\/develop.immobilienbusiness.ch\/en\/ib\/2021-12-06\/deisswil-neue-mieter-fur-den-bernapark\/","title":{"rendered":"Deisswil: Neue Mieter f\u00fcr den Bernapark"},"content":{"rendered":"<p><span><span><span>Die Stadt Bern will die Schule f\u00fcr Gestaltung an der Sch\u00e4nzlihalde sowie die Gymnasien Neufeld und Kirchenfeld in den n\u00e4chsten Jahren sanieren und erweitern. Daher soll die Schule f\u00fcr Gestaltung ab Mitte 2024 f\u00fcr zehn Jahre in ein Provisorium im Bernapark ziehen. Die daf\u00fcr notwendigen Fl\u00e4chen von rund 20.000 qm werde man mit einer Sanierung und Aufstockung der bestehenden Geb\u00e4ude zur Verf\u00fcgung stellen, teilt die Bernapark AG als Grundeigent\u00fcmerin und Bauherrin der ehemaligen Kartonfabrik mit. <\/span><\/span><\/span><\/p>\n<p><span><span><span>Ende November hat zudem<strong> <\/strong>\u00abLa Famiglia\u00bb im Bernapark er\u00f6ffnet; eine Mischung aus Ristorante, Pizzeria, Bar, Gelateria und Caf\u00e9. Betreiber ist die Familie Kamberi, die in Bern bereits mehrere Gastronomiebetriebe f\u00fchrt. <\/span><\/span><\/span><\/p>","protected":false},"excerpt":{"rendered":"<p><span><span><span>Die Schule f\u00fcr Gestaltung wird f\u00fcr zehn Jahre in den Bernapark in Deisswil (BE) ziehen und dort 20.000 qm belegen. Auch das gastronomische Angebot im Areal der ehemaligen Kartonfabrik wurde erweitert. <\/span><\/span><\/span><\/p>","protected":false},"author":23,"featured_media":0,"comment_status":"closed","ping_status":"closed","sticky":false,"template":"","format":"standard","meta":{"_acf_changed":false,"footnotes":""},"categories":[5],"tags":[25,40],"class_list":["post-2573","post","type-post","status-publish","format-standard","hentry","category-ib","tag-be","tag-vermietung"],"acf":[],"_links":{"self":[{"href":"https:\/\/develop.immobilienbusiness.ch\/en\/wp-json\/wp\/v2\/posts\/2573","targetHints":{"allow":["GET"]}}],"collection":[{"href":"https:\/\/develop.immobilienbusiness.ch\/en\/wp-json\/wp\/v2\/posts"}],"about":[{"href":"https:\/\/develop.immobilienbusiness.ch\/en\/wp-json\/wp\/v2\/types\/post"}],"author":[{"embeddable":true,"href":"https:\/\/develop.immobilienbusiness.ch\/en\/wp-json\/wp\/v2\/users\/23"}],"replies":[{"embeddable":true,"href":"https:\/\/develop.immobilienbusiness.ch\/en\/wp-json\/wp\/v2\/comments?post=2573"}],"version-history":[{"count":0,"href":"https:\/\/develop.immobilienbusiness.ch\/en\/wp-json\/wp\/v2\/posts\/2573\/revisions"}],"wp:attachment":[{"href":"https:\/\/develop.immobilienbusiness.ch\/en\/wp-json\/wp\/v2\/media?parent=2573"}],"wp:term":[{"taxonomy":"category","embeddable":true,"href":"https:\/\/develop.immobilienbusiness.ch\/en\/wp-json\/wp\/v2\/categories?post=2573"},{"taxonomy":"post_tag","embeddable":true,"href":"https:\/\/develop.immobilienbusiness.ch\/en\/wp-json\/wp\/v2\/tags?post=2573"}],"curies":[{"name":"wp","href":"https:\/\/api.w.org\/{rel}","templated":true}]}}