{"id":2512,"date":"2021-11-18T10:33:40","date_gmt":"2021-11-18T09:33:40","guid":{"rendered":"https:\/\/develop.immobilienbusiness.ch\/de\/allgemein\/2021-11-18\/bern-architekturwettbewerb-fur-uni-areal-muesmatt-ist-entschieden\/"},"modified":"2021-11-18T10:33:40","modified_gmt":"2021-11-18T09:33:40","slug":"bern-architekturwettbewerb-fur-uni-areal-muesmatt-ist-entschieden","status":"publish","type":"post","link":"https:\/\/develop.immobilienbusiness.ch\/en\/ib\/2021-11-18\/bern-architekturwettbewerb-fur-uni-areal-muesmatt-ist-entschieden\/","title":{"rendered":"Bern: Architekturwettbewerb f\u00fcr Uni-Areal Muesmatt ist entschieden"},"content":{"rendered":"<p><span><span><span>Da einige der Universit\u00e4tsgeb\u00e4ude im Muesmatt-Areal stark sanierungsbed\u00fcrftig und zu klein geworden sind, plant die Universit\u00e4t mehrere Neubauten. In einer ersten Bauetappe soll in der Arealmitte entlang der Gertrud-Woker-Strasse ein Neubau f\u00fcr die Naturwissenschaften entstehen. Die zweite Bauetappe beinhaltet Neubauten entlang der Freiestrasse. Im Rahmen eines Architekturwettbewerbs sind ein Projekt f\u00fcr die erste Bau-Etappe mit dem Ersatzneubau sowie eine st\u00e4dtebauliche Gesamtsicht \u00fcber beide Bauetappen gesucht worden.<\/span><\/span><\/span><\/p>\n<p><span><span><span>Den st\u00e4dtebaulichen Ideenpart hat das Projekt \u00abSymbiosis\u00bb der ARGE Grimshaw\/Archipel mit Sitz in Bern gewonnen. Das Projekt \u00abKosmos der Wissenschaften\u00bb des Z\u00fcrcher B\u00fcro Gunz &amp; K\u00fcnzle Architekten GmbH siegt mit dem Projektvorschlag f\u00fcr den Neubau Naturwissenschaften. Der Beitrag \u00abSymbiosis\u00bb habe mit drei in den Dimensionen gut austarierten Bauk\u00f6rpern im Zusammenspiel mit einem Aussenraum \u00fcberzeugt, der das Potential habe, eine lebendige Schnittstelle zwischen Universit\u00e4t und Quartier zu werden, teilt die Stadt Bern mit. Der Projektvorschlag \u00ab<span>Kosmos der Wissenschaften<\/span>\u00bb liefere ein modernes transparentes Geb\u00e4ude mit einem hohen Grad an \u00d6ffentlichkeit.<\/span><\/span><\/span><\/p>\n<p><span><span><span>Da die Nettoinvestitionen f\u00fcr Hochbauten priorisiert werden, hat der Regierungsrat entschieden, dass das Projekt erst ab 2031 realisiert werden soll. <\/span><\/span><\/span><\/p>","protected":false},"excerpt":{"rendered":"<p><span><span><span>Die Universit\u00e4t Bern will Neubauten auf dem Muesmatt-Areal im L\u00e4nggassquartier erstellen. Der Architekturwettbewerb ist entschieden, realisiert wird das Projekt aber fr\u00fchestens in f\u00fcnf Jahren.<\/span><\/span><\/span><\/p>","protected":false},"author":23,"featured_media":0,"comment_status":"closed","ping_status":"closed","sticky":false,"template":"","format":"standard","meta":{"_acf_changed":false,"footnotes":""},"categories":[5],"tags":[25,11],"class_list":["post-2512","post","type-post","status-publish","format-standard","hentry","category-ib","tag-be","tag-in-planung"],"acf":[],"_links":{"self":[{"href":"https:\/\/develop.immobilienbusiness.ch\/en\/wp-json\/wp\/v2\/posts\/2512","targetHints":{"allow":["GET"]}}],"collection":[{"href":"https:\/\/develop.immobilienbusiness.ch\/en\/wp-json\/wp\/v2\/posts"}],"about":[{"href":"https:\/\/develop.immobilienbusiness.ch\/en\/wp-json\/wp\/v2\/types\/post"}],"author":[{"embeddable":true,"href":"https:\/\/develop.immobilienbusiness.ch\/en\/wp-json\/wp\/v2\/users\/23"}],"replies":[{"embeddable":true,"href":"https:\/\/develop.immobilienbusiness.ch\/en\/wp-json\/wp\/v2\/comments?post=2512"}],"version-history":[{"count":0,"href":"https:\/\/develop.immobilienbusiness.ch\/en\/wp-json\/wp\/v2\/posts\/2512\/revisions"}],"wp:attachment":[{"href":"https:\/\/develop.immobilienbusiness.ch\/en\/wp-json\/wp\/v2\/media?parent=2512"}],"wp:term":[{"taxonomy":"category","embeddable":true,"href":"https:\/\/develop.immobilienbusiness.ch\/en\/wp-json\/wp\/v2\/categories?post=2512"},{"taxonomy":"post_tag","embeddable":true,"href":"https:\/\/develop.immobilienbusiness.ch\/en\/wp-json\/wp\/v2\/tags?post=2512"}],"curies":[{"name":"wp","href":"https:\/\/api.w.org\/{rel}","templated":true}]}}