{"id":2500,"date":"2021-11-16T08:07:13","date_gmt":"2021-11-16T07:07:13","guid":{"rendered":"https:\/\/develop.immobilienbusiness.ch\/de\/allgemein\/2021-11-16\/andermatt-asa-verkauft-ein-drittel-mehr-wohnungen-als-2020\/"},"modified":"2021-11-16T08:07:13","modified_gmt":"2021-11-16T07:07:13","slug":"andermatt-asa-verkauft-ein-drittel-mehr-wohnungen-als-2020","status":"publish","type":"post","link":"https:\/\/develop.immobilienbusiness.ch\/en\/ib\/2021-11-16\/andermatt-asa-verkauft-ein-drittel-mehr-wohnungen-als-2020\/","title":{"rendered":"Andermatt: ASA verkauft ein Drittel mehr Wohnungen als 2020"},"content":{"rendered":"<p><span><span><span>Wie Andermatt-Swiss Alps-CEO Raphael Krucker sagt, sind von 420 fertiggestellten Ferienwohnungen im neuen Dorfteil Andermatt Reuss inklusive Radisson Blu Reussen und im The Chedi Andermatt inzwischen 408 verkauft. Im laufenden Jahr habe sich die Nachfrage stark erh\u00f6ht und man habe mehr als 100 Einheiten ver\u00e4ussert. Dies sei eine Steigerung von \u00fcber einem Drittel gegen\u00fcber dem Vorjahr. In den kommenden Monaten werden 130 neue Wohnungen rund um die Piazza Gottardo an die Eigent\u00fcmer \u00fcbergeben.\u00a0 <\/span><\/span><\/span><\/p>\n<p><span><span><span>Die Apartmenth\u00e4user stehen auf einem sogenannten Infrastruktursockel. Damit neue H\u00e4user erstellt werden k\u00f6nnen, wird dieser Sockel weiter ausgebaut und auf rund 20.000 qm erweitert. ASA-CEO Krucker zufolge ist dies eines der gr\u00f6ssten Bauprojekte in den Alpen. Dadurch k\u00f6nne Andermatt Reuss um weitere 16 Apartmenth\u00e4user und zwei Einkaufsgassen mit Retail- und Gastroangeboten erweitert werden. Im Sockel befinden sich auch 325 neue Parkpl\u00e4tze, ein Drittel davon mit Elektro-Ladestationen. <\/span><\/span><\/span><\/p>\n<p><span><span><span>Geplant ist, im Fr\u00fchjahr 2022 mit dem Bau von weiteren Apartmenth\u00e4usern zu starten. Zwei der neuen H\u00e4user werden ab Dezember 2021 vermarktet: Das Haus Elva mit elf Wohneinheiten (bis zu vier Schlafzimmer), Sauna und Fitnessstudio sowie das Haus Mira mit 18 Mezzanin-Wohnungen mit einem oder zwei Schlafzimmern. <\/span><\/span><\/span><\/p>\n<p><span><span><span>ASA rechnet damit, dass die Nachfrage zu Beginn der Wintersaison zunehmen wird; die Wartelisten f\u00fcr die H\u00e4user Elva und Mira f\u00fcllen sich den Angaben zufolge bereits. Einen Nachfrageschub habe auch das Luxussegment verzeichnet: Vier von f\u00fcnf verbleibenden The Chedi Penthouses sind verkauft worden. Wie ASA weiter mitteilt, platziert die H\u00e4lfte der K\u00e4ufer im Vermietungsprogramm der Gesellschaft. Die Auslastung der vermieteten Wohnungen betrage rund 50%. Im Endausbau beinhaltet das Projekt insgesamt rund 2.000 Wohneinheiten mit bis zu 10.000 Betten. <\/span><\/span><\/span><\/p>","protected":false},"excerpt":{"rendered":"<p><span><span><span>Die Andermatt Swiss Alps AG (ASA) hat in diesem Jahr bislang ein Drittel mehr Wohneinheiten verkauft als im Vorjahr. Im kommenden Fr\u00fchjahr soll der Bau weiterer Apartmenth\u00e4user beginnen.<\/span><\/span><\/span><\/p>","protected":false},"author":23,"featured_media":0,"comment_status":"closed","ping_status":"closed","sticky":false,"template":"","format":"standard","meta":{"_acf_changed":false,"footnotes":""},"categories":[5],"tags":[46,19,11,21],"class_list":["post-2500","post","type-post","status-publish","format-standard","hentry","category-ib","tag-ferien-wohnung","tag-in-bau","tag-in-planung","tag-ur"],"acf":[],"_links":{"self":[{"href":"https:\/\/develop.immobilienbusiness.ch\/en\/wp-json\/wp\/v2\/posts\/2500","targetHints":{"allow":["GET"]}}],"collection":[{"href":"https:\/\/develop.immobilienbusiness.ch\/en\/wp-json\/wp\/v2\/posts"}],"about":[{"href":"https:\/\/develop.immobilienbusiness.ch\/en\/wp-json\/wp\/v2\/types\/post"}],"author":[{"embeddable":true,"href":"https:\/\/develop.immobilienbusiness.ch\/en\/wp-json\/wp\/v2\/users\/23"}],"replies":[{"embeddable":true,"href":"https:\/\/develop.immobilienbusiness.ch\/en\/wp-json\/wp\/v2\/comments?post=2500"}],"version-history":[{"count":0,"href":"https:\/\/develop.immobilienbusiness.ch\/en\/wp-json\/wp\/v2\/posts\/2500\/revisions"}],"wp:attachment":[{"href":"https:\/\/develop.immobilienbusiness.ch\/en\/wp-json\/wp\/v2\/media?parent=2500"}],"wp:term":[{"taxonomy":"category","embeddable":true,"href":"https:\/\/develop.immobilienbusiness.ch\/en\/wp-json\/wp\/v2\/categories?post=2500"},{"taxonomy":"post_tag","embeddable":true,"href":"https:\/\/develop.immobilienbusiness.ch\/en\/wp-json\/wp\/v2\/tags?post=2500"}],"curies":[{"name":"wp","href":"https:\/\/api.w.org\/{rel}","templated":true}]}}