{"id":2444,"date":"2021-10-29T10:56:20","date_gmt":"2021-10-29T08:56:20","guid":{"rendered":"https:\/\/develop.immobilienbusiness.ch\/de\/allgemein\/2021-10-29\/igg-glattpark-fiona-scherkamp-ist-neue-prasidentin\/"},"modified":"2021-10-29T10:56:20","modified_gmt":"2021-10-29T08:56:20","slug":"igg-glattpark-fiona-scherkamp-ist-neue-prasidentin","status":"publish","type":"post","link":"https:\/\/develop.immobilienbusiness.ch\/en\/ib\/2021-10-29\/igg-glattpark-fiona-scherkamp-ist-neue-prasidentin\/","title":{"rendered":"IGG Glattpark: Fiona Scherkamp ist neue Pr\u00e4sidentin"},"content":{"rendered":"<p><span><span><span>Fiona Scherkamp tritt als Pr\u00e4sidentin der IGG Glattpark die Nachfolge von Tino Margadant an, Partner und Immobilien-Entwickler bei der Mettler2Invest AG. Die IGG ist ein Zusammenschluss der Grundeigent\u00fcmer des Glattparks in Opfikon, wo mittlerweile 6.500 Menschen wohnen und 4.000 Besch\u00e4ftigte arbeiten.<\/span><\/span><\/span><\/p>\n<p><span><span><span>Der Pr\u00e4sidiumswechsel spiegele die Entwicklung des Glattparks: \u00abDass nun eine erfahrene Portfolio-Managerin Pr\u00e4sidentin wird, zeigt, dass der Glattpark eine neue Entwicklungsstufe erreicht hat\u00bb, erkl\u00e4rt Beny Ruhstaller, der die Grundeigent\u00fcmervereinigung seit ihrer Gr\u00fcndung 2002 als Gesch\u00e4ftsf\u00fchrer leitet. \u00abDer Glattpark ist praktisch fertig gebaut, die Priorit\u00e4ten sind ganze andere als noch vor wenigen Jahren. Der Fokus liegt jetzt auf der Konsolidierung: Die IGG Glattpark muss den Puls des neuen Stadtteils f\u00fchlen und darauf reagieren\u00bb, so Ruhstaller. Mit Fiona Scherkamp als neuer Pr\u00e4sidentin sei die Organisation f\u00fcr diese Aufgaben bestens ger\u00fcstet. <em>(ua)<\/em><\/span><\/span><\/span><\/p>","protected":false},"excerpt":{"rendered":"<p><span><span><span>Die Mitglieder der IGG Glattpark haben Fiona Scherkamp, Portfoliomanagerin bei der Pensimo Management AG, zur neuen Pr\u00e4sidentin der Vereinigung gew\u00e4hlt.<\/span><\/span><\/span><\/p>","protected":false},"author":23,"featured_media":0,"comment_status":"closed","ping_status":"closed","sticky":false,"template":"","format":"standard","meta":{"_acf_changed":false,"footnotes":""},"categories":[5],"tags":[74,63,42],"class_list":["post-2444","post","type-post","status-publish","format-standard","hentry","category-ib","tag-personalia","tag-verbande","tag-zh"],"acf":[],"_links":{"self":[{"href":"https:\/\/develop.immobilienbusiness.ch\/en\/wp-json\/wp\/v2\/posts\/2444","targetHints":{"allow":["GET"]}}],"collection":[{"href":"https:\/\/develop.immobilienbusiness.ch\/en\/wp-json\/wp\/v2\/posts"}],"about":[{"href":"https:\/\/develop.immobilienbusiness.ch\/en\/wp-json\/wp\/v2\/types\/post"}],"author":[{"embeddable":true,"href":"https:\/\/develop.immobilienbusiness.ch\/en\/wp-json\/wp\/v2\/users\/23"}],"replies":[{"embeddable":true,"href":"https:\/\/develop.immobilienbusiness.ch\/en\/wp-json\/wp\/v2\/comments?post=2444"}],"version-history":[{"count":0,"href":"https:\/\/develop.immobilienbusiness.ch\/en\/wp-json\/wp\/v2\/posts\/2444\/revisions"}],"wp:attachment":[{"href":"https:\/\/develop.immobilienbusiness.ch\/en\/wp-json\/wp\/v2\/media?parent=2444"}],"wp:term":[{"taxonomy":"category","embeddable":true,"href":"https:\/\/develop.immobilienbusiness.ch\/en\/wp-json\/wp\/v2\/categories?post=2444"},{"taxonomy":"post_tag","embeddable":true,"href":"https:\/\/develop.immobilienbusiness.ch\/en\/wp-json\/wp\/v2\/tags?post=2444"}],"curies":[{"name":"wp","href":"https:\/\/api.w.org\/{rel}","templated":true}]}}