{"id":2257,"date":"2021-09-09T11:00:46","date_gmt":"2021-09-09T09:00:46","guid":{"rendered":"https:\/\/develop.immobilienbusiness.ch\/de\/allgemein\/2021-09-09\/muri-bei-bern-grundsteinlegung-fur-neues-villenquartier\/"},"modified":"2021-09-09T11:00:46","modified_gmt":"2021-09-09T09:00:46","slug":"muri-bei-bern-grundsteinlegung-fur-neues-villenquartier","status":"publish","type":"post","link":"https:\/\/develop.immobilienbusiness.ch\/en\/ib\/2021-09-09\/muri-bei-bern-grundsteinlegung-fur-neues-villenquartier\/","title":{"rendered":"Muri bei Bern: Grundsteinlegung f\u00fcr neues Villenquartier"},"content":{"rendered":"<p><span><span><span>Bis Herbst 2022 entstehen am s\u00fcd\u00f6stlichen Siedlungsrand von Muri zw\u00f6lf Villen mit je drei Etagenresidenzen. Die dreist\u00f6ckigen Bauten sind \u00fcber das gesamte Grundst\u00fcck verteilt und umgeben von einer Parklandschaft, die von dem B\u00fcro Enea Landscape Architecture gestaltet wird. Im Zentrum der Anlage soll ein Seerosenteich zum verbindenden Element werden.<\/span><\/span><\/span><\/p>\n<p><span><span><span>Das Quartier befindet sich an der Mannenriedstrasse; das Zentrum von Muri mit Einkaufsgelegenheiten und \u00d6V-Anschluss in Richtung Bern ist ein einer knappen Viertelstunde zu Fuss zu erreichen. Die Aaare und die Parkanlage Elfenau sind ebenfalls wenige Gehminuten entfernt. <\/span><\/span><\/span><\/p>\n<p><span><span><span>Der Verkaufsstart f\u00fcr die Wohnungen war Mai 2020, nach Angaben der Frutiger AG waren im M\u00e4rz 2021 alle Wohnungen verkauft. <\/span><\/span><\/span><\/p>","protected":false},"excerpt":{"rendered":"<p><span><span><span>Im Riedacker in Muri (BE) erstellt die Frutiger AG eine Wohnanlage mit 36 Luxus-Eigentumswohnungen. Die Grundsteinlegung ist Ende August gefeiert worden. <\/span><\/span><\/span><\/p>","protected":false},"author":23,"featured_media":0,"comment_status":"closed","ping_status":"closed","sticky":false,"template":"","format":"standard","meta":{"_acf_changed":false,"footnotes":""},"categories":[5],"tags":[25,19,14],"class_list":["post-2257","post","type-post","status-publish","format-standard","hentry","category-ib","tag-be","tag-in-bau","tag-mfh-stockwerkeigentum"],"acf":[],"_links":{"self":[{"href":"https:\/\/develop.immobilienbusiness.ch\/en\/wp-json\/wp\/v2\/posts\/2257","targetHints":{"allow":["GET"]}}],"collection":[{"href":"https:\/\/develop.immobilienbusiness.ch\/en\/wp-json\/wp\/v2\/posts"}],"about":[{"href":"https:\/\/develop.immobilienbusiness.ch\/en\/wp-json\/wp\/v2\/types\/post"}],"author":[{"embeddable":true,"href":"https:\/\/develop.immobilienbusiness.ch\/en\/wp-json\/wp\/v2\/users\/23"}],"replies":[{"embeddable":true,"href":"https:\/\/develop.immobilienbusiness.ch\/en\/wp-json\/wp\/v2\/comments?post=2257"}],"version-history":[{"count":0,"href":"https:\/\/develop.immobilienbusiness.ch\/en\/wp-json\/wp\/v2\/posts\/2257\/revisions"}],"wp:attachment":[{"href":"https:\/\/develop.immobilienbusiness.ch\/en\/wp-json\/wp\/v2\/media?parent=2257"}],"wp:term":[{"taxonomy":"category","embeddable":true,"href":"https:\/\/develop.immobilienbusiness.ch\/en\/wp-json\/wp\/v2\/categories?post=2257"},{"taxonomy":"post_tag","embeddable":true,"href":"https:\/\/develop.immobilienbusiness.ch\/en\/wp-json\/wp\/v2\/tags?post=2257"}],"curies":[{"name":"wp","href":"https:\/\/api.w.org\/{rel}","templated":true}]}}