{"id":2189,"date":"2021-08-23T10:07:04","date_gmt":"2021-08-23T08:07:04","guid":{"rendered":"https:\/\/develop.immobilienbusiness.ch\/de\/allgemein\/2021-08-23\/bolligen-areal-wegmuhle-soll-entwickelt-werden\/"},"modified":"2021-08-23T10:07:04","modified_gmt":"2021-08-23T08:07:04","slug":"bolligen-areal-wegmuhle-soll-entwickelt-werden","status":"publish","type":"post","link":"https:\/\/develop.immobilienbusiness.ch\/en\/ib\/2021-08-23\/bolligen-areal-wegmuhle-soll-entwickelt-werden\/","title":{"rendered":"Bolligen: Areal Wegm\u00fchle soll entwickelt werden"},"content":{"rendered":"<p><span><span><span><span><span><span>Die M\u00fchle Walther AG ist Grundeigent\u00fcmerin des 14.000 qm grossen Areals, das an die Bolligen- und R\u00f6rswilstrasse sowie an die RBS-Bahnstation Bolligen angrenzt. Der Betrieb will das Grundst\u00fcck baulich entwickeln und plant dort eine \u00dcberbauung mit Mischnutzung sowie die Sanierung von historischen Bauten. <\/span><\/span><\/span><\/span><\/span><\/span><\/p>\n<p><span><span><span><span><span><span>Ein Richtprojekt sieht auf dem s\u00fcdlichen Teil des Areals eine dichte \u00dcberbauung mit 3- bis 7-geschossigen Neubauten und einer oberirdischen Geschossfl\u00e4che von bis zu 10.300 qm vor. Hier sollen vor allem Wohnungen entstehen, in der Erdgeschossebene sind Dienstleistungen und stilles Gewerbe vorgesehen. <\/span><\/span><\/span><\/span><\/span><\/span><\/p>\n<p><span><span><span><span><span><span>Im n\u00f6rdlichen Teil des Areals, in Richtung RBS-Haltestelle, ist ein dreigeschossiger Erg\u00e4nzungsbau geplant, der mit den bestehenden Geb\u00e4uden ein Ensemble bilden und eine visuelle Verbindung zum Bahnhofsareal schaffen soll. In dem Neubau ist eine \u00f6ffentliche Nutzung angedacht. <\/span><\/span><\/span><\/span><\/span><\/span><\/p>\n<p><span><span><span><span><span><span>Weiter soll der historische Verladehangar abgebrochen werden, so dass das Hauptgeb\u00e4ude der Wegm\u00fchle freigespielt und st\u00e4rker als arealpr\u00e4gend in den Vordergrund tritt. Hier ist laut Richtprojekt ein diversifiziertes Nutzungskonzept vorgesehen, etwa eine kleine B\u00e4ckerei, ein Museum oder Gastronomie. Das Hauptgeb\u00e4ude ist in einem baulich schlechten Zustand und muss dringend saniert werden. Zwischen der Bebauung und der Worble soll ein grosser \u00f6ffentlicher Park entstehen.<\/span><\/span><\/span><\/span><\/span><\/span><\/p>\n<p><span><span><span><span><span><span>Die \u00f6ffentliche Mitwirkung f\u00fcr die Arealentwicklung l\u00e4uft noch bis am 2. September 2021.<\/span><\/span><\/span><\/span><\/span><\/span><\/p>","protected":false},"excerpt":{"rendered":"<p><span><span><span>Auf dem Areal der Wegm\u00fchle in Bolligen (BE) soll eine gemischte \u00dcberbauung entstehen. Die \u00f6ffentliche Mitwirkung l\u00e4uft noch bis Anfang September.<\/span><\/span><\/span><\/p>","protected":false},"author":23,"featured_media":0,"comment_status":"closed","ping_status":"closed","sticky":false,"template":"","format":"standard","meta":{"_acf_changed":false,"footnotes":""},"categories":[5],"tags":[25,11],"class_list":["post-2189","post","type-post","status-publish","format-standard","hentry","category-ib","tag-be","tag-in-planung"],"acf":[],"_links":{"self":[{"href":"https:\/\/develop.immobilienbusiness.ch\/en\/wp-json\/wp\/v2\/posts\/2189","targetHints":{"allow":["GET"]}}],"collection":[{"href":"https:\/\/develop.immobilienbusiness.ch\/en\/wp-json\/wp\/v2\/posts"}],"about":[{"href":"https:\/\/develop.immobilienbusiness.ch\/en\/wp-json\/wp\/v2\/types\/post"}],"author":[{"embeddable":true,"href":"https:\/\/develop.immobilienbusiness.ch\/en\/wp-json\/wp\/v2\/users\/23"}],"replies":[{"embeddable":true,"href":"https:\/\/develop.immobilienbusiness.ch\/en\/wp-json\/wp\/v2\/comments?post=2189"}],"version-history":[{"count":0,"href":"https:\/\/develop.immobilienbusiness.ch\/en\/wp-json\/wp\/v2\/posts\/2189\/revisions"}],"wp:attachment":[{"href":"https:\/\/develop.immobilienbusiness.ch\/en\/wp-json\/wp\/v2\/media?parent=2189"}],"wp:term":[{"taxonomy":"category","embeddable":true,"href":"https:\/\/develop.immobilienbusiness.ch\/en\/wp-json\/wp\/v2\/categories?post=2189"},{"taxonomy":"post_tag","embeddable":true,"href":"https:\/\/develop.immobilienbusiness.ch\/en\/wp-json\/wp\/v2\/tags?post=2189"}],"curies":[{"name":"wp","href":"https:\/\/api.w.org\/{rel}","templated":true}]}}