{"id":2140,"date":"2021-08-09T09:26:18","date_gmt":"2021-08-09T07:26:18","guid":{"rendered":"https:\/\/develop.immobilienbusiness.ch\/de\/allgemein\/2021-08-09\/luzern-cartier-shop-vergrossert-sich\/"},"modified":"2021-08-09T09:26:18","modified_gmt":"2021-08-09T07:26:18","slug":"luzern-cartier-shop-vergrossert-sich","status":"publish","type":"post","link":"https:\/\/develop.immobilienbusiness.ch\/en\/ib\/2021-08-09\/luzern-cartier-shop-vergrossert-sich\/","title":{"rendered":"Luzern: Cartier-Shop vergr\u00f6ssert sich"},"content":{"rendered":"<p><span><span><span><span>Wie aus einem Baugesuch der Embassy Jewel AG hervorgeht, wird die Cartier-Boutique im Westfl\u00fcgel des Schweizerhofs die Fl\u00e4chen von Max Chocolatier \u00fcbernehmen. Geplant ist, <span><span>den bestehenden Teil von Cartier mit dem Verkaufsladen von Max Chocolatier \u00fcber beide Geschosse zu einem grossen Cartier-Gesch\u00e4ft zusammenzuf\u00fchren. <\/span><\/span><\/span><\/span><\/span><\/span><\/p>\n<p><span><span><span><span><span><span>Im Erdgeschoss sowie im Obergeschoss wird es laut Projektbeschrieb separate Verkaufsr\u00e4ume sowie Nebenr\u00e4ume wie Wertschutzraum, Warenlift und Backoffice-Fl\u00e4chen geben. Die beiden Verkaufsebenen sollen mit einer zentralen, repr\u00e4sentativen Treppenanlage verbunden werden. Insgesamt umfassen die R\u00e4umlichkeiten 357 qm Verkaufsfl\u00e4che. <\/span><\/span><\/span><\/span><\/span><\/span><\/p>\n<p><span><span><span><span><span><span>Eigent\u00fcmer der Liegenschaft ist Hauser &amp; Co Parking und Immobilien Schweizerhof. Die Baukosten werden mit 2,6 Mio. CHF angegeben. Baustart soll im September dieses Jahres sein, die Fertigstellung ist f\u00fcr Februar 2022 geplant. <\/span><\/span><\/span><\/span><\/span><\/span><\/p>\n<p>\u00a0<\/p>","protected":false},"excerpt":{"rendered":"<p>Die Cartier-Boutique am Schweizerhofquai in Luzern erweitert ihre Verkaufsfl\u00e4che. K\u00fcnftig sollen Uhren und Schmuck auf zwei Etagen verkauft werden.<\/p>","protected":false},"author":23,"featured_media":0,"comment_status":"closed","ping_status":"closed","sticky":false,"template":"","format":"standard","meta":{"_acf_changed":false,"footnotes":""},"categories":[5],"tags":[11,10,16],"class_list":["post-2140","post","type-post","status-publish","format-standard","hentry","category-ib","tag-in-planung","tag-lu","tag-retail"],"acf":[],"_links":{"self":[{"href":"https:\/\/develop.immobilienbusiness.ch\/en\/wp-json\/wp\/v2\/posts\/2140","targetHints":{"allow":["GET"]}}],"collection":[{"href":"https:\/\/develop.immobilienbusiness.ch\/en\/wp-json\/wp\/v2\/posts"}],"about":[{"href":"https:\/\/develop.immobilienbusiness.ch\/en\/wp-json\/wp\/v2\/types\/post"}],"author":[{"embeddable":true,"href":"https:\/\/develop.immobilienbusiness.ch\/en\/wp-json\/wp\/v2\/users\/23"}],"replies":[{"embeddable":true,"href":"https:\/\/develop.immobilienbusiness.ch\/en\/wp-json\/wp\/v2\/comments?post=2140"}],"version-history":[{"count":0,"href":"https:\/\/develop.immobilienbusiness.ch\/en\/wp-json\/wp\/v2\/posts\/2140\/revisions"}],"wp:attachment":[{"href":"https:\/\/develop.immobilienbusiness.ch\/en\/wp-json\/wp\/v2\/media?parent=2140"}],"wp:term":[{"taxonomy":"category","embeddable":true,"href":"https:\/\/develop.immobilienbusiness.ch\/en\/wp-json\/wp\/v2\/categories?post=2140"},{"taxonomy":"post_tag","embeddable":true,"href":"https:\/\/develop.immobilienbusiness.ch\/en\/wp-json\/wp\/v2\/tags?post=2140"}],"curies":[{"name":"wp","href":"https:\/\/api.w.org\/{rel}","templated":true}]}}