{"id":2094,"date":"2021-07-27T10:16:50","date_gmt":"2021-07-27T08:16:50","guid":{"rendered":"https:\/\/develop.immobilienbusiness.ch\/de\/allgemein\/2021-07-27\/davos-neuer-eigentumer-fur-ferienheim-ob-dem-see\/"},"modified":"2021-07-27T10:16:50","modified_gmt":"2021-07-27T08:16:50","slug":"davos-neuer-eigentumer-fur-ferienheim-ob-dem-see","status":"publish","type":"post","link":"https:\/\/develop.immobilienbusiness.ch\/en\/ib\/2021-07-27\/davos-neuer-eigentumer-fur-ferienheim-ob-dem-see\/","title":{"rendered":"Davos: Neuer Eigent\u00fcmer f\u00fcr Ferienheim Ob dem See"},"content":{"rendered":"<p><span><span><span>Urspr\u00fcnglich wollte die Stadt Winterthur das Ferienheim Ob dem See vom Ferienkolonieverein Oberwinterthur kaufen und zusammen mit der angrenzenden Spielwiese weiterver\u00e4ussern. Da der Ferienheimbetrieb eingestellt wird, sollte die Transaktion bis Ende August 2021 vollzogen werden.<\/span><\/span><\/span><\/p>\n<p><span><span><span>Mit der eigens f\u00fcr diesen Kauf gegr\u00fcndeten Ferienkolonie Sonnenschein AG sei nun aber eine K\u00e4uferin gefunden worden, die bereit sei, die Kaufvertr\u00e4ge unmittelbar nach der \u00f6ffentlichen Beurkundung grundbuchamtlich zu vollziehen, teilt die Stadt Winterthur mit. Daher habe man auf den vorg\u00e4ngigen Erwerb des Ferienheims durch die Stadt verzichtet und die beiden Grundst\u00fccke je einzeln der Gesellschaft verkauft. <\/span><\/span><\/span><\/p>\n<p><span><span><span>Im Rahmen der Ausschreibung sind nach Angaben der Stadt Winterthur drei Angebote f\u00fcr die zwei insgesamt 4.000 qm grossen Grundst\u00fccke, die teilweise Sicht auf den Davoser See bieten, eingegangen. Die Ferienkolonie Sonnenschein AG hat mit total 3,7 Mio. CHF (Ferienheimliegenschaft: 2,54 Mio., Spielwiese: 1,16 Mio.) das h\u00f6chste Gebot abgegeben und den Zuschlag erhalten. Die neue Eigent\u00fcmerin plane, die Liegenschaft mit rund 50 Schlapfl\u00e4tzen weiterhin als Ferienkolonie zu betreiben. Hinter der Ferienkolonie Sonnenschein AG steht der Z\u00fcrcher Immobilienunternehmer Bernard Perelman.<\/span><\/span><\/span><\/p>\n<p><span><span><span><a href=\"https:\/\/www.suedostschweiz.ch\/tourismus\/2021-07-23\/millionen-fuer-davoser-ferienheim\">Laut einem Bericht des Online-Portals<em> s\u00fcdostschweiz.ch<\/em><\/a> hatte die Gemeinde Davos ebenfalls Interesse an der Immobilie bekundet. Mit einer Offerte in H\u00f6he von 2,5 Mio. CHF ist die Gemeinde bei der Ausschreibung aber <\/span><\/span><\/span>leer ausgegangen.<\/p>","protected":false},"excerpt":{"rendered":"<p><span><span><span>Die Stadt Winterthur und der Ferienkolonieverein Oberwinterthur haben das Ferienheim Ob dem See in Davos Wolfgang an die Ferienkolonie Sonnenschein AG aus Freienbach (SZ) verkauft.<\/span><\/span><\/span><\/p>","protected":false},"author":23,"featured_media":0,"comment_status":"closed","ping_status":"closed","sticky":false,"template":"","format":"standard","meta":{"_acf_changed":false,"footnotes":""},"categories":[5],"tags":[27,56,41],"class_list":["post-2094","post","type-post","status-publish","format-standard","hentry","category-ib","tag-einzel-objekt","tag-gr","tag-verkauf"],"acf":[],"_links":{"self":[{"href":"https:\/\/develop.immobilienbusiness.ch\/en\/wp-json\/wp\/v2\/posts\/2094","targetHints":{"allow":["GET"]}}],"collection":[{"href":"https:\/\/develop.immobilienbusiness.ch\/en\/wp-json\/wp\/v2\/posts"}],"about":[{"href":"https:\/\/develop.immobilienbusiness.ch\/en\/wp-json\/wp\/v2\/types\/post"}],"author":[{"embeddable":true,"href":"https:\/\/develop.immobilienbusiness.ch\/en\/wp-json\/wp\/v2\/users\/23"}],"replies":[{"embeddable":true,"href":"https:\/\/develop.immobilienbusiness.ch\/en\/wp-json\/wp\/v2\/comments?post=2094"}],"version-history":[{"count":0,"href":"https:\/\/develop.immobilienbusiness.ch\/en\/wp-json\/wp\/v2\/posts\/2094\/revisions"}],"wp:attachment":[{"href":"https:\/\/develop.immobilienbusiness.ch\/en\/wp-json\/wp\/v2\/media?parent=2094"}],"wp:term":[{"taxonomy":"category","embeddable":true,"href":"https:\/\/develop.immobilienbusiness.ch\/en\/wp-json\/wp\/v2\/categories?post=2094"},{"taxonomy":"post_tag","embeddable":true,"href":"https:\/\/develop.immobilienbusiness.ch\/en\/wp-json\/wp\/v2\/tags?post=2094"}],"curies":[{"name":"wp","href":"https:\/\/api.w.org\/{rel}","templated":true}]}}