{"id":2015,"date":"2021-06-25T08:41:44","date_gmt":"2021-06-25T06:41:44","guid":{"rendered":"https:\/\/develop.immobilienbusiness.ch\/de\/allgemein\/2021-06-25\/aarau-coop-will-ekz-telli-revitalisieren\/"},"modified":"2021-06-25T08:41:44","modified_gmt":"2021-06-25T06:41:44","slug":"aarau-coop-will-ekz-telli-revitalisieren","status":"publish","type":"post","link":"https:\/\/develop.immobilienbusiness.ch\/en\/ib\/2021-06-25\/aarau-coop-will-ekz-telli-revitalisieren\/","title":{"rendered":"Aarau: Coop will EKZ Telli revitalisieren"},"content":{"rendered":"<p><span><span><span>Coop hat das EKZ Telli an der Tellistrasse\/Girixweg im Jahr 2018 im Stockwerkeigentum (56%) \u00fcbernommen. Das Hochhaus sowie zugeh\u00f6rige Parkierungs- und Nebenfl\u00e4chen geh\u00f6ren dem Kanton Aargau (44%). Coop Immobilien will den Bau aus den 1970er Jahren zum einen gestalterisch aufwerten, zum anderen sind technische Renovationen geplant, u.a. die Erneuerung der Haustechnik und die Umstellung auf Fernw\u00e4rme und -k\u00e4lte. <\/span><\/span><\/span><\/p>\n<p><span><span><span>Nach Pl\u00e4nen des B\u00fcros Burkhardt + Partner soll im Innenraum, durch Rochade der bestehenden Fl\u00e4chen, die Mall im Erdgeschoss auf zwei Achsen Breite begradigt und die Vertikalerschliessung West f\u00fcr eine bessere Durchsicht aus der Mall verschoben werden. Das Parking im ersten Untergeschoss soll neu durch Rollb\u00e4nder mit dem Erdgeschoss der Mall verbunden werden. Im Dach des ersten Obergeschosses ist eine grosse Oberlichtfl\u00e4che vorgesehen. Geplant ist ferner eine teilweise Erneuerung und Sanierung der Fassade. Hier ist vorgesehen, durch Einzelmassnahmen Ans\u00e4tze des urspr\u00fcnglichen Richtprojekts von 1971 wieder aufzunehmen.<\/span><\/span><\/span><\/p>","protected":false},"excerpt":{"rendered":"<p><span><span><span>Die Coop plant, das Einkaufszentrum Telli in Aarau f\u00fcr 51 Mio.CHF zu revitalisieren und zu entwickeln. Das Baugesuch liegt derzeit \u00f6ffentlich auf.<\/span><\/span><\/span><\/p>","protected":false},"author":23,"featured_media":0,"comment_status":"closed","ping_status":"closed","sticky":false,"template":"","format":"standard","meta":{"_acf_changed":false,"footnotes":""},"categories":[5],"tags":[6,11,16],"class_list":["post-2015","post","type-post","status-publish","format-standard","hentry","category-ib","tag-ag","tag-in-planung","tag-retail"],"acf":[],"_links":{"self":[{"href":"https:\/\/develop.immobilienbusiness.ch\/en\/wp-json\/wp\/v2\/posts\/2015","targetHints":{"allow":["GET"]}}],"collection":[{"href":"https:\/\/develop.immobilienbusiness.ch\/en\/wp-json\/wp\/v2\/posts"}],"about":[{"href":"https:\/\/develop.immobilienbusiness.ch\/en\/wp-json\/wp\/v2\/types\/post"}],"author":[{"embeddable":true,"href":"https:\/\/develop.immobilienbusiness.ch\/en\/wp-json\/wp\/v2\/users\/23"}],"replies":[{"embeddable":true,"href":"https:\/\/develop.immobilienbusiness.ch\/en\/wp-json\/wp\/v2\/comments?post=2015"}],"version-history":[{"count":0,"href":"https:\/\/develop.immobilienbusiness.ch\/en\/wp-json\/wp\/v2\/posts\/2015\/revisions"}],"wp:attachment":[{"href":"https:\/\/develop.immobilienbusiness.ch\/en\/wp-json\/wp\/v2\/media?parent=2015"}],"wp:term":[{"taxonomy":"category","embeddable":true,"href":"https:\/\/develop.immobilienbusiness.ch\/en\/wp-json\/wp\/v2\/categories?post=2015"},{"taxonomy":"post_tag","embeddable":true,"href":"https:\/\/develop.immobilienbusiness.ch\/en\/wp-json\/wp\/v2\/tags?post=2015"}],"curies":[{"name":"wp","href":"https:\/\/api.w.org\/{rel}","templated":true}]}}