{"id":2012,"date":"2021-06-28T09:13:23","date_gmt":"2021-06-28T07:13:23","guid":{"rendered":"https:\/\/develop.immobilienbusiness.ch\/de\/allgemein\/2021-06-28\/wohlen-grundsteinlegung-fur-belano-zuhause\/"},"modified":"2021-06-28T09:13:23","modified_gmt":"2021-06-28T07:13:23","slug":"wohlen-grundsteinlegung-fur-belano-zuhause","status":"publish","type":"post","link":"https:\/\/develop.immobilienbusiness.ch\/en\/ib\/2021-06-28\/wohlen-grundsteinlegung-fur-belano-zuhause\/","title":{"rendered":"Wohlen: Grundsteinlegung f\u00fcr Belano Zuhause"},"content":{"rendered":"<p><span><span><span><span><span>Das neue Belano Wohnen wird auf dem Areal der Drechslerei Vock an der Jurastrasse 10A in Wohlen gebaut. Das Mehrfamilienhaus wird 38 barrierefreie, alters- und seniorengerechte Wohnungen mit 1,5, 2,5 und 3,5 Zimmern sowie Balkon oder Sitzplatz beherbergen. Gebaut wird nach Angaben der Belano Wohnen nach LEA-Label Gold. Die Vermietung der Wohnungen soll ab M\u00e4rz 2022 beginnen, der Bezug ist ab Februar 2023 vorgesehen. <\/span><\/span><\/span><\/span><\/span><\/p>\n<p><span><span><span><span><span>Das Projekt wird Service nach Bedarf, Rezeption, 24\/7-Notrufsicherheit und Gemeinschaftsr\u00e4ume vorhalten. An der hauseigenen Rezeption oder \u00fcber eine Belano Zuhause App k\u00f6nnen diverse Services wie Spitex-Pflege, Wohnungsreinigung oder Mahlzeitenlieferung organisiert werden, teilte Belano mit. Die Immobilie liege in Wohlen zentral in der Gemeinde in unmittelbarer N\u00e4he zu diversen Einkaufsm\u00f6glichkeiten, zum \u00f6ffentlichen Verkehr, zu Schulen, Kinderg\u00e4rten und Restaurants.<\/span><\/span><\/span><\/span><\/span><\/p>\n<p><span><span><span><span><span>Projektentwicklerin ist die Belano Group AG, Bauherrin ist die Profond Anlagestiftung, Bauausf\u00fchrende ist die Feldmann-Baumanagement AG.<\/span><\/span><\/span><\/span><\/span><\/p>\n<p><span><span><span><span><span>Rund 600 neue Belano Zuhause Wohnungen sind derzeit in Realisation oder in Entwicklung, so das Unternehmen. Das n\u00e4chste Haus werde am 1. August 2021 in Ostermundigen (BE) er\u00f6ffnet und sei schon fast voll vermietet. <\/span><\/span><\/span><\/span><\/span><\/p>\n<p>\u00a0<\/p>","protected":false},"excerpt":{"rendered":"<p><span><span><span><span><span>Am 1. Juli 2021 wird der Grundstein f\u00fcr das neue Belano Zuhause in Wohlen (AG) gelegt. Es entstehen 38 barrierefreie und altersgerechte Wohnungen.<\/span><\/span><\/span><\/span><\/span><\/p>","protected":false},"author":26,"featured_media":0,"comment_status":"closed","ping_status":"closed","sticky":false,"template":"","format":"standard","meta":{"_acf_changed":false,"footnotes":""},"categories":[5],"tags":[6,19,13,50],"class_list":["post-2012","post","type-post","status-publish","format-standard","hentry","category-ib","tag-ag","tag-in-bau","tag-senioren-immobilie","tag-serviced-apartments"],"acf":[],"_links":{"self":[{"href":"https:\/\/develop.immobilienbusiness.ch\/en\/wp-json\/wp\/v2\/posts\/2012","targetHints":{"allow":["GET"]}}],"collection":[{"href":"https:\/\/develop.immobilienbusiness.ch\/en\/wp-json\/wp\/v2\/posts"}],"about":[{"href":"https:\/\/develop.immobilienbusiness.ch\/en\/wp-json\/wp\/v2\/types\/post"}],"author":[{"embeddable":true,"href":"https:\/\/develop.immobilienbusiness.ch\/en\/wp-json\/wp\/v2\/users\/26"}],"replies":[{"embeddable":true,"href":"https:\/\/develop.immobilienbusiness.ch\/en\/wp-json\/wp\/v2\/comments?post=2012"}],"version-history":[{"count":0,"href":"https:\/\/develop.immobilienbusiness.ch\/en\/wp-json\/wp\/v2\/posts\/2012\/revisions"}],"wp:attachment":[{"href":"https:\/\/develop.immobilienbusiness.ch\/en\/wp-json\/wp\/v2\/media?parent=2012"}],"wp:term":[{"taxonomy":"category","embeddable":true,"href":"https:\/\/develop.immobilienbusiness.ch\/en\/wp-json\/wp\/v2\/categories?post=2012"},{"taxonomy":"post_tag","embeddable":true,"href":"https:\/\/develop.immobilienbusiness.ch\/en\/wp-json\/wp\/v2\/tags?post=2012"}],"curies":[{"name":"wp","href":"https:\/\/api.w.org\/{rel}","templated":true}]}}