{"id":1911,"date":"2021-06-07T09:06:53","date_gmt":"2021-06-07T07:06:53","guid":{"rendered":"https:\/\/develop.immobilienbusiness.ch\/de\/allgemein\/2021-06-07\/basel-intershop-stellt-promotionsprojekt-gellertstrasse-fertig\/"},"modified":"2021-06-07T09:06:53","modified_gmt":"2021-06-07T07:06:53","slug":"basel-intershop-stellt-promotionsprojekt-gellertstrasse-fertig","status":"publish","type":"post","link":"https:\/\/develop.immobilienbusiness.ch\/en\/ib\/2021-06-07\/basel-intershop-stellt-promotionsprojekt-gellertstrasse-fertig\/","title":{"rendered":"Basel: Intershop stellt Promotionsprojekt Gellertstrasse fertig"},"content":{"rendered":"<p><span><span><span>Intershop hat an der Gellertstrasse 151, 157 und 161 drei Mehrfamilienh\u00e4user mit insgesamt 30 Eigentumswohnungen erstellt. Die letzte der Einheiten wurde am 3. Juni 2021 \u00fcbergeben.<\/span><\/span><\/span><\/p>\n<p><span><span><span>Die Stadtwohnungen haben laut einer fr\u00fcheren Mitteilung der Immobiliengesellschaft Fl\u00e4chen von 104 qm bis 130 qm, unkonventionelle Grundrisse und einen hohen Ausbaustandard. Die Bauten sind auf einem 5.000 qm grossen Grundst\u00fcck am Rand des Villenviertels Gellertquartier entstanden, direkt am St. Alban-Teich und in unmittelbarer N\u00e4he zur Birs. Aus dem Verkauf der Eigentumswohnungen erwartet Intershop fr\u00fcheren Angaben zufolge einen Gewinn im tiefen zweistelligen Millionenbereich.<\/span><\/span><\/span><\/p>","protected":false},"excerpt":{"rendered":"<p><span><span><span>Nach zwei Jahren Bauzeit hat die Intershop Holding die letzte von 30 Eigentumswohnungen ihrer \u00dcberbauung an der Gellerstrasse \u00fcbergeben.<\/span><\/span><\/span><\/p>","protected":false},"author":23,"featured_media":0,"comment_status":"closed","ping_status":"closed","sticky":false,"template":"","format":"standard","meta":{"_acf_changed":false,"footnotes":""},"categories":[5],"tags":[2,3,14],"class_list":["post-1911","post","type-post","status-publish","format-standard","hentry","category-ib","tag-bs","tag-fertigstellung","tag-mfh-stockwerkeigentum"],"acf":[],"_links":{"self":[{"href":"https:\/\/develop.immobilienbusiness.ch\/en\/wp-json\/wp\/v2\/posts\/1911","targetHints":{"allow":["GET"]}}],"collection":[{"href":"https:\/\/develop.immobilienbusiness.ch\/en\/wp-json\/wp\/v2\/posts"}],"about":[{"href":"https:\/\/develop.immobilienbusiness.ch\/en\/wp-json\/wp\/v2\/types\/post"}],"author":[{"embeddable":true,"href":"https:\/\/develop.immobilienbusiness.ch\/en\/wp-json\/wp\/v2\/users\/23"}],"replies":[{"embeddable":true,"href":"https:\/\/develop.immobilienbusiness.ch\/en\/wp-json\/wp\/v2\/comments?post=1911"}],"version-history":[{"count":0,"href":"https:\/\/develop.immobilienbusiness.ch\/en\/wp-json\/wp\/v2\/posts\/1911\/revisions"}],"wp:attachment":[{"href":"https:\/\/develop.immobilienbusiness.ch\/en\/wp-json\/wp\/v2\/media?parent=1911"}],"wp:term":[{"taxonomy":"category","embeddable":true,"href":"https:\/\/develop.immobilienbusiness.ch\/en\/wp-json\/wp\/v2\/categories?post=1911"},{"taxonomy":"post_tag","embeddable":true,"href":"https:\/\/develop.immobilienbusiness.ch\/en\/wp-json\/wp\/v2\/tags?post=1911"}],"curies":[{"name":"wp","href":"https:\/\/api.w.org\/{rel}","templated":true}]}}