{"id":1897,"date":"2021-06-03T08:44:27","date_gmt":"2021-06-03T06:44:27","guid":{"rendered":"https:\/\/develop.immobilienbusiness.ch\/de\/allgemein\/2021-06-03\/jll-verstarkt-sich-im-bereich-workplace-solutions\/"},"modified":"2021-06-03T08:44:27","modified_gmt":"2021-06-03T06:44:27","slug":"jll-verstarkt-sich-im-bereich-workplace-solutions","status":"publish","type":"post","link":"https:\/\/develop.immobilienbusiness.ch\/en\/ib\/2021-06-03\/jll-verstarkt-sich-im-bereich-workplace-solutions\/","title":{"rendered":"JLL verst\u00e4rkt sich im Bereich Workplace Solutions"},"content":{"rendered":"<p><span><span><span>Marco Huber war zuletzt beim Hersteller von B\u00fcroeinrichtungen Steelcase in der Position des Director f\u00fcr Business Development und Design Alliances im Raum EMEA t\u00e4tig. 2015 gr\u00fcndete der heute 43-J\u00e4hrige sein eigenes Unternehmen minusSan, davor war er Global Head of Corporate Architecture bei der UBS in Z\u00fcrich. Davor arbeitete er mehr als zw\u00f6lf Jahre in verschiedenen Positionen bei der Credit Suisse.<\/span><\/span><\/span><\/p>\n<p><span><span><span>Seine neue Position bei JLL hat er am 1. Juni angetreten. Er berichtet an Martina Williams, Head of Corporate Solutions DACH + CEE. Marco Huber vereine Corporate-Erfahrung und Unternehmergeist und wisse seine langj\u00e4hrige Erfahrung im Bereich der Transformation von Arbeitsumgebungen im internationalen Kontext einzusetzen, sagt Williams. \u00abSeine Kompetenzen im strategischen Immobilien-Management, der Konzeption von Arbeitswelten und Kundenbereichen sowie im Bereich Transformation, Cultural Change und Portfoliomanagement st\u00e4rken unser weiterhin wachsendes Workplace Solutions Team.\u00bb<\/span><\/span><\/span><\/p>","protected":false},"excerpt":{"rendered":"<p><span><span><span>Marco Huber ist neuer Leiter Workplace Solutions beim Immobiliendienstleister JLL. Er verantwortet von Z\u00fcrich aus die T\u00e4tigkeiten des Bereichs in der DACH-Region.<\/span><\/span><\/span><\/p>","protected":false},"author":23,"featured_media":0,"comment_status":"closed","ping_status":"closed","sticky":false,"template":"","format":"standard","meta":{"_acf_changed":false,"footnotes":""},"categories":[5],"tags":[69,74],"class_list":["post-1897","post","type-post","status-publish","format-standard","hentry","category-ib","tag-beratungsunternehmen","tag-personalia"],"acf":[],"_links":{"self":[{"href":"https:\/\/develop.immobilienbusiness.ch\/en\/wp-json\/wp\/v2\/posts\/1897","targetHints":{"allow":["GET"]}}],"collection":[{"href":"https:\/\/develop.immobilienbusiness.ch\/en\/wp-json\/wp\/v2\/posts"}],"about":[{"href":"https:\/\/develop.immobilienbusiness.ch\/en\/wp-json\/wp\/v2\/types\/post"}],"author":[{"embeddable":true,"href":"https:\/\/develop.immobilienbusiness.ch\/en\/wp-json\/wp\/v2\/users\/23"}],"replies":[{"embeddable":true,"href":"https:\/\/develop.immobilienbusiness.ch\/en\/wp-json\/wp\/v2\/comments?post=1897"}],"version-history":[{"count":0,"href":"https:\/\/develop.immobilienbusiness.ch\/en\/wp-json\/wp\/v2\/posts\/1897\/revisions"}],"wp:attachment":[{"href":"https:\/\/develop.immobilienbusiness.ch\/en\/wp-json\/wp\/v2\/media?parent=1897"}],"wp:term":[{"taxonomy":"category","embeddable":true,"href":"https:\/\/develop.immobilienbusiness.ch\/en\/wp-json\/wp\/v2\/categories?post=1897"},{"taxonomy":"post_tag","embeddable":true,"href":"https:\/\/develop.immobilienbusiness.ch\/en\/wp-json\/wp\/v2\/tags?post=1897"}],"curies":[{"name":"wp","href":"https:\/\/api.w.org\/{rel}","templated":true}]}}