{"id":1884,"date":"2021-05-31T12:01:57","date_gmt":"2021-05-31T10:01:57","guid":{"rendered":"https:\/\/develop.immobilienbusiness.ch\/de\/allgemein\/2021-05-31\/bern-aldi-eroffnet-in-der-spitalgasse\/"},"modified":"2021-05-31T12:01:57","modified_gmt":"2021-05-31T10:01:57","slug":"bern-aldi-eroffnet-in-der-spitalgasse","status":"publish","type":"post","link":"https:\/\/develop.immobilienbusiness.ch\/en\/ib\/2021-05-31\/bern-aldi-eroffnet-in-der-spitalgasse\/","title":{"rendered":"Bern: Aldi er\u00f6ffnet in der Spitalgasse"},"content":{"rendered":"<p><span><span><span>Aldi Suisse hat angek\u00fcndigt, die Filiale in der Spitalgasse 34 in unmittelbarer N\u00e4he zum Hauptbahnhof im Herbst zu er\u00f6ffnen. Zudem wird zu Ende 2021 am Kornhausplatz 7 eine weitere Dependance entstehen. <\/span><\/span><\/span><\/p>\n<p><span><span><span>In der Spitalgasse wird der Discounter mit rund 420 qm die derzeit kleinste Aldi-Filiale der Schweiz er\u00f6ffnen und dennoch mit rund 1.600 Artikeln das gesamte Sortiment vorhalten. Nach Unternehmensangaben l\u00e4uft aktuell der R\u00fcckbau der k\u00fcnftigen Verkaufsr\u00e4ume, direkt nach der Erteilung der Baugenehmigung solle mit dem Mieterausbau begonnen werden. <\/span><\/span><\/span><\/p>\n<p><span><span><span>Aldi wird das Ladeninnere vollst\u00e4ndig erneuern. Zur Erzeugung von K\u00e4lte fu\u0308r Ku\u0308hlregale und Klimaanlage soll eine umweltfreundliche CO2-K\u00e4lteanlage dienen. Die u\u0308berschu\u0308ssige Abw\u00e4rme der Ku\u0308hlregale werde wiederum direkt fu\u0308r die Beheizung der Filiale verwendet. Zudem w\u00fcrden ausschliesslich energiesparende LED-Beleuchtungen installiert. Aussen investiert der Detailh\u00e4ndler in Zusammenarbeit mit der Denkmalpflege in die Erneuerung der Schaufensterfront sowie des Geb\u00e4udezugangs.<\/span><\/span><\/span><\/p>\n<p><span><span><span>Die Filiale zieht in die R\u00e4umlichkeiten der ehemaligen Metzgerei Kauffmann, die ihr Gesch\u00e4ft Ende 2020 geschlossen hat. Damit werden in der Berner Innenstadt die beiden grossen Discounter vertreten sein: <a>Der Aldi-Konkurrent Lidl wird Anfang 2022 eine Filiale im Untergeschoss des Loeb-Warenhauses er\u00f6ffnen.<\/a><\/span><\/span><\/span><\/p>","protected":false},"excerpt":{"rendered":"<p><span><span><span>Der deutsche Lebensmitteldiscounter Aldi er\u00f6ffnet eine Filiale in der Spitalgasse in Bern. Damit wird der Detailh\u00e4ndler k\u00fcnftig mit zwei Filialen in der Altstadt vertreten sein.<\/span><\/span><\/span><\/p>","protected":false},"author":26,"featured_media":0,"comment_status":"closed","ping_status":"closed","sticky":false,"template":"","format":"standard","meta":{"_acf_changed":false,"footnotes":""},"categories":[5],"tags":[25,11,16],"class_list":["post-1884","post","type-post","status-publish","format-standard","hentry","category-ib","tag-be","tag-in-planung","tag-retail"],"acf":[],"_links":{"self":[{"href":"https:\/\/develop.immobilienbusiness.ch\/en\/wp-json\/wp\/v2\/posts\/1884","targetHints":{"allow":["GET"]}}],"collection":[{"href":"https:\/\/develop.immobilienbusiness.ch\/en\/wp-json\/wp\/v2\/posts"}],"about":[{"href":"https:\/\/develop.immobilienbusiness.ch\/en\/wp-json\/wp\/v2\/types\/post"}],"author":[{"embeddable":true,"href":"https:\/\/develop.immobilienbusiness.ch\/en\/wp-json\/wp\/v2\/users\/26"}],"replies":[{"embeddable":true,"href":"https:\/\/develop.immobilienbusiness.ch\/en\/wp-json\/wp\/v2\/comments?post=1884"}],"version-history":[{"count":0,"href":"https:\/\/develop.immobilienbusiness.ch\/en\/wp-json\/wp\/v2\/posts\/1884\/revisions"}],"wp:attachment":[{"href":"https:\/\/develop.immobilienbusiness.ch\/en\/wp-json\/wp\/v2\/media?parent=1884"}],"wp:term":[{"taxonomy":"category","embeddable":true,"href":"https:\/\/develop.immobilienbusiness.ch\/en\/wp-json\/wp\/v2\/categories?post=1884"},{"taxonomy":"post_tag","embeddable":true,"href":"https:\/\/develop.immobilienbusiness.ch\/en\/wp-json\/wp\/v2\/tags?post=1884"}],"curies":[{"name":"wp","href":"https:\/\/api.w.org\/{rel}","templated":true}]}}