{"id":1865,"date":"2021-05-27T08:31:48","date_gmt":"2021-05-27T06:31:48","guid":{"rendered":"https:\/\/develop.immobilienbusiness.ch\/de\/allgemein\/2021-05-27\/spreitenbach-modelabel-piazza-italia-mietet-im-shoppi-tivoli\/"},"modified":"2021-05-27T08:31:48","modified_gmt":"2021-05-27T06:31:48","slug":"spreitenbach-modelabel-piazza-italia-mietet-im-shoppi-tivoli","status":"publish","type":"post","link":"https:\/\/develop.immobilienbusiness.ch\/en\/ib\/2021-05-27\/spreitenbach-modelabel-piazza-italia-mietet-im-shoppi-tivoli\/","title":{"rendered":"Spreitenbach: Modelabel Piazza Italia mietet im Shoppi Tivoli"},"content":{"rendered":"<p><span><span><span><span><span><span><span>Das Modelabel hat sein Ladengesch\u00e4ft am 22. Mai im Basement des Shoppi Tivoli er\u00f6ffnet. Auf den Fl\u00e4chen befand sich zuvor ein Coop-Markt. Angeboten werden Bekleidung f\u00fcr Frauen, M\u00e4nner und Kinder.<\/span><\/span><\/span><\/span><\/span><\/span><\/span><\/p>\n<p><span><span><span><span><span><span><span>Piazza Italia wurde 1993 gegr\u00fcndet und betreibt Gesch\u00e4fte in vier Formaten: \u00abKids Store\u00bb (150-200 qm), \u00abFashion Store\u00bb (300-400 qm) f\u00fcr eine junge Zielgruppe, \u00abStore\u00bb mit Angeboten f\u00fcr die ganze Familie (500-1.000 qm) und \u00abMegastores\u00bb (1.500-3.000 qm), die das gesamte Sortiment der Marke f\u00fchren. Piazza Italia rechnet je nach Store-Konzept mit durchschnittlichen Verk\u00e4ufen von 3.000 bis 5.000 Euro pro Quadratmeter (ca. 3.300-5.500 CHF). Neben Italien ist das Modelabel vor allem in S\u00fcdosteuropa stark vertreten, es gibt aber auch Shops im Iran, den Vereinigten Arabischen Emiraten und Saudi-Arabien.<\/span><\/span><\/span><\/span><\/span><\/span><\/span><\/p>","protected":false},"excerpt":{"rendered":"<p><span><span><span><span><span>Das italienische Modeunternehmen Piazza Italia hat im <\/span><\/span><span><span><span><span>Shoppi Tivoli in Spreitenbach (AG) sein erstes Gesch\u00e4ft in der Schweiz er\u00f6ffnet. <\/span><\/span><\/span><\/span><\/span><\/span><\/span><\/p>","protected":false},"author":23,"featured_media":0,"comment_status":"closed","ping_status":"closed","sticky":false,"template":"","format":"standard","meta":{"_acf_changed":false,"footnotes":""},"categories":[5],"tags":[6,30,16,40],"class_list":["post-1865","post","type-post","status-publish","format-standard","hentry","category-ib","tag-ag","tag-potentieller-nutzer","tag-retail","tag-vermietung"],"acf":[],"_links":{"self":[{"href":"https:\/\/develop.immobilienbusiness.ch\/en\/wp-json\/wp\/v2\/posts\/1865","targetHints":{"allow":["GET"]}}],"collection":[{"href":"https:\/\/develop.immobilienbusiness.ch\/en\/wp-json\/wp\/v2\/posts"}],"about":[{"href":"https:\/\/develop.immobilienbusiness.ch\/en\/wp-json\/wp\/v2\/types\/post"}],"author":[{"embeddable":true,"href":"https:\/\/develop.immobilienbusiness.ch\/en\/wp-json\/wp\/v2\/users\/23"}],"replies":[{"embeddable":true,"href":"https:\/\/develop.immobilienbusiness.ch\/en\/wp-json\/wp\/v2\/comments?post=1865"}],"version-history":[{"count":0,"href":"https:\/\/develop.immobilienbusiness.ch\/en\/wp-json\/wp\/v2\/posts\/1865\/revisions"}],"wp:attachment":[{"href":"https:\/\/develop.immobilienbusiness.ch\/en\/wp-json\/wp\/v2\/media?parent=1865"}],"wp:term":[{"taxonomy":"category","embeddable":true,"href":"https:\/\/develop.immobilienbusiness.ch\/en\/wp-json\/wp\/v2\/categories?post=1865"},{"taxonomy":"post_tag","embeddable":true,"href":"https:\/\/develop.immobilienbusiness.ch\/en\/wp-json\/wp\/v2\/tags?post=1865"}],"curies":[{"name":"wp","href":"https:\/\/api.w.org\/{rel}","templated":true}]}}