{"id":1784,"date":"2021-05-05T10:15:09","date_gmt":"2021-05-05T08:15:09","guid":{"rendered":"https:\/\/develop.immobilienbusiness.ch\/de\/allgemein\/2021-05-05\/genf-sig-baut-fernwarmenetz-aus\/"},"modified":"2021-05-05T10:15:09","modified_gmt":"2021-05-05T08:15:09","slug":"genf-sig-baut-fernwarmenetz-aus","status":"publish","type":"post","link":"https:\/\/develop.immobilienbusiness.ch\/en\/ib\/2021-05-05\/genf-sig-baut-fernwarmenetz-aus\/","title":{"rendered":"Genf: SIG baut Fernw\u00e4rmenetz aus"},"content":{"rendered":"<p><span><span><span>Die SIG plant im Genfer Stadtteil La Jonction neue Fernw\u00e4rmeleitungen, \u00fcber die weitere Geb\u00e4ude an das Netz GeniLac angeschlossen sein sollen. GeniLac wird nach Angaben der SIG zu 100% mit erneuerbarem Strom betrieben und nutzt Wasser aus dem Genfer See zum Heizen und K\u00fchlen der angeschlossenen Geb\u00e4ude. Die CO2-Emissionen w\u00fcrden so um 10.600 Tonnen reduziert.<\/span><\/span><\/span><\/p>\n<p><span><span><span>F\u00fcr die Neuanschl\u00fcsse verlegt die SIG neue Rohre unter dem Quai du Seujet. Die Bauarbeiten haben Mitte M\u00e4rz begonnen und dauern voraussichtlich ein Jahr. <\/span><\/span><\/span><\/p>\n<p><span><span><span>Schon jetzt werden in Genf das B\u00e2timent des Forces Motrices, das H\u00f4tel des Finances, die Universit\u00e4tsgeb\u00e4ude Sciences I und II, die SIS-Kaserne, die Usine, die Cit\u00e9 Carl-Vogt, die im Bau befindliche Cit\u00e9 de l&#8217;enfance, die Geb\u00e4ude und die Schule am Quai du Seujet mit Strom aus dem GeniLac-Netzwerk versorgt. Bis zum Jahr 2025 sollen es 90 Geb\u00e4ude sein.<\/span><\/span><\/span><\/p>","protected":false},"excerpt":{"rendered":"<p><span><span><span>Die Genfer Stadtwerke SIG schliessen das Quartier La Jonction in Genf an ihr Fernw\u00e4rmenetz an. Das hydrothermische Netzwerk GeniLac heizt und k\u00fchlt mit Wasser aus dem Genfer See. <\/span><\/span><\/span><\/p>","protected":false},"author":26,"featured_media":0,"comment_status":"closed","ping_status":"closed","sticky":false,"template":"","format":"standard","meta":{"_acf_changed":false,"footnotes":""},"categories":[5],"tags":[53,62,71],"class_list":["post-1784","post","type-post","status-publish","format-standard","hentry","category-ib","tag-ge","tag-infrastruktur","tag-nachhaltigkeit"],"acf":[],"_links":{"self":[{"href":"https:\/\/develop.immobilienbusiness.ch\/en\/wp-json\/wp\/v2\/posts\/1784","targetHints":{"allow":["GET"]}}],"collection":[{"href":"https:\/\/develop.immobilienbusiness.ch\/en\/wp-json\/wp\/v2\/posts"}],"about":[{"href":"https:\/\/develop.immobilienbusiness.ch\/en\/wp-json\/wp\/v2\/types\/post"}],"author":[{"embeddable":true,"href":"https:\/\/develop.immobilienbusiness.ch\/en\/wp-json\/wp\/v2\/users\/26"}],"replies":[{"embeddable":true,"href":"https:\/\/develop.immobilienbusiness.ch\/en\/wp-json\/wp\/v2\/comments?post=1784"}],"version-history":[{"count":0,"href":"https:\/\/develop.immobilienbusiness.ch\/en\/wp-json\/wp\/v2\/posts\/1784\/revisions"}],"wp:attachment":[{"href":"https:\/\/develop.immobilienbusiness.ch\/en\/wp-json\/wp\/v2\/media?parent=1784"}],"wp:term":[{"taxonomy":"category","embeddable":true,"href":"https:\/\/develop.immobilienbusiness.ch\/en\/wp-json\/wp\/v2\/categories?post=1784"},{"taxonomy":"post_tag","embeddable":true,"href":"https:\/\/develop.immobilienbusiness.ch\/en\/wp-json\/wp\/v2\/tags?post=1784"}],"curies":[{"name":"wp","href":"https:\/\/api.w.org\/{rel}","templated":true}]}}