{"id":1770,"date":"2021-05-04T09:31:11","date_gmt":"2021-05-04T07:31:11","guid":{"rendered":"https:\/\/develop.immobilienbusiness.ch\/de\/allgemein\/2021-05-04\/region-zurich-aldi-kommt-nach-kloten\/"},"modified":"2021-05-04T09:31:11","modified_gmt":"2021-05-04T07:31:11","slug":"region-zurich-aldi-kommt-nach-kloten","status":"publish","type":"post","link":"https:\/\/develop.immobilienbusiness.ch\/en\/ib\/2021-05-04\/region-zurich-aldi-kommt-nach-kloten\/","title":{"rendered":"Region Z\u00fcrich: Aldi kommt nach Kloten"},"content":{"rendered":"<p><span><span><span>Wie der <\/span><\/span><\/span><strong><span lang=\"DE\" xml:lang=\"DE\"><span><span>\u00ab<\/span><\/span><\/span><\/strong><span><span><span>Z\u00fcrcher Unterl\u00e4nder<\/span><\/span><\/span><strong><span lang=\"DE\" xml:lang=\"DE\"><span><span>\u00bb<\/span><\/span><\/span><\/strong><span><span><span>\u00a0berichtet, \u00fcberl\u00e4sst die Schweizer Post ihr Backsteingeb\u00e4ude an der Bahnhofstrasse 6 dem deutschen Discounterfilialisten Aldi. Die jetzige Schalterhalle werde einschliessslich B\u00fcrofl\u00e4chen und Nebenr\u00e4umen f\u00fcr die neue Nutzung umgebaut. Aldi Schweiz plant die Er\u00f6ffnung f\u00fcr Fr\u00fchsommer 2022. Dies sei noch abh\u00e4ngig vom Baubewilligungsverfahren.<\/span><\/span><\/span><\/p>\n<p><span><span><span>Der Aufbau der neuen Filiale werde rund 1,2 Mio. CHF kosten, so Aldi. Die Post wiederum will Fassade und Dach des Geb\u00e4udes aus dem Baujahr 1994 sanieren lassen. Durch die Erweiterung der Einzelhandelsfl\u00e4che im Erdgeschoss, mit der der bisher hinter einem S\u00e4ulengang versetzte Eingang nach vorne verschoben wird, stehen Aldi dann rund 1.000 qm f\u00fcr das neue Ladengesch\u00e4ft zur Verf\u00fcgung. <\/span><\/span><\/span><\/p>\n<p><span lang=\"DE\" xml:lang=\"DE\"><span><span>Die k\u00fcnftige Filiale der Post wird ab Sp\u00e4therbst 2021 einige Schritte vom momentanen Standort entfernt im Erdgeschoss der Liegenschaft Bahnhofstrasse 2 unterkommen, die sich ebenfalls im Besitz des Post-Konzerns befindet. Das dort noch befindliche Fitnessstudio Mrs. Sporty wiederum wechselt dort auf eine gr\u00f6ssere Fl\u00e4che im ersten Obergeschoss.<\/span><\/span><\/span><\/p>","protected":false},"excerpt":{"rendered":"<p><span><span><span>Voraussichtlich 2022 erh\u00e4lt die Stadt Kloten \u2013 nach der Migros, Coop, Denner, Lidl und Otto\u2019s \u2013 mit Aldi die n\u00e4chste Filiale eines grossen Detailh\u00e4ndlers.<\/span><\/span><\/span><\/p>","protected":false},"author":25,"featured_media":0,"comment_status":"closed","ping_status":"closed","sticky":false,"template":"","format":"standard","meta":{"_acf_changed":false,"footnotes":""},"categories":[5],"tags":[59,16,40,42],"class_list":["post-1770","post","type-post","status-publish","format-standard","hentry","category-ib","tag-freizeitimmobilien","tag-retail","tag-vermietung","tag-zh"],"acf":[],"_links":{"self":[{"href":"https:\/\/develop.immobilienbusiness.ch\/en\/wp-json\/wp\/v2\/posts\/1770","targetHints":{"allow":["GET"]}}],"collection":[{"href":"https:\/\/develop.immobilienbusiness.ch\/en\/wp-json\/wp\/v2\/posts"}],"about":[{"href":"https:\/\/develop.immobilienbusiness.ch\/en\/wp-json\/wp\/v2\/types\/post"}],"author":[{"embeddable":true,"href":"https:\/\/develop.immobilienbusiness.ch\/en\/wp-json\/wp\/v2\/users\/25"}],"replies":[{"embeddable":true,"href":"https:\/\/develop.immobilienbusiness.ch\/en\/wp-json\/wp\/v2\/comments?post=1770"}],"version-history":[{"count":0,"href":"https:\/\/develop.immobilienbusiness.ch\/en\/wp-json\/wp\/v2\/posts\/1770\/revisions"}],"wp:attachment":[{"href":"https:\/\/develop.immobilienbusiness.ch\/en\/wp-json\/wp\/v2\/media?parent=1770"}],"wp:term":[{"taxonomy":"category","embeddable":true,"href":"https:\/\/develop.immobilienbusiness.ch\/en\/wp-json\/wp\/v2\/categories?post=1770"},{"taxonomy":"post_tag","embeddable":true,"href":"https:\/\/develop.immobilienbusiness.ch\/en\/wp-json\/wp\/v2\/tags?post=1770"}],"curies":[{"name":"wp","href":"https:\/\/api.w.org\/{rel}","templated":true}]}}