{"id":1718,"date":"2021-04-26T09:12:27","date_gmt":"2021-04-26T07:12:27","guid":{"rendered":"https:\/\/develop.immobilienbusiness.ch\/de\/allgemein\/2021-04-26\/neuer-prasident-fur-den-sia\/"},"modified":"2021-04-26T09:12:27","modified_gmt":"2021-04-26T07:12:27","slug":"neuer-prasident-fur-den-sia","status":"publish","type":"post","link":"https:\/\/develop.immobilienbusiness.ch\/en\/ib\/2021-04-26\/neuer-prasident-fur-den-sia\/","title":{"rendered":"Neuer Pr\u00e4sident f\u00fcr den SIA"},"content":{"rendered":"<p><span><span><span>Die Delegierten des Schweizerischen Ingenieur- und Architektenvereins (SIA) haben Peter Dransfeld an der virtuellen Delegiertenversammlung vom 23. April 2021 einstimmig zum neuen Pr\u00e4sidenten des Vereins gew\u00e4hlt. Dransfeld ist dipl. Architekt ETH\/SIA und Inhaber des Architekturb\u00fcros Dransfeldarchitekten AG in Ermatingen (TG). Bisher amtete Dransfeld als Pr\u00e4sident der SIA-Berufsgruppe Architektur (BGA). Als Pr\u00e4sident folgt er auf Stefan Cadosch. <\/span><\/span><\/span><\/p>\n<p><span><span><span>Die Vakanzen im Vorstand im Bereich Bauingenieurwesen sind mit Alain Oulevey und Chris Luebkeman geschlossen worden. Oulevey ist Bauingenieur ETH\/SIA, Co-Gesch\u00e4ftsf\u00fchrer der in Lausanne (Hauptsitz), Genf und Neuenburg t\u00e4tigen Firma De C\u00e9renville G\u00e9otechnique und ehemaliger Pr\u00e4sident der SIA-Sektion Waadt. Der US-Amerikaner Luebkeman ist seit \u00fcber 30 Jahren in Europa und der Schweiz als Bauingenieur und Architekt in der Forschung, Entwicklung sowie in der Lehre und Praxis t\u00e4tig. Seit kurzem leitet er das \u00abStrategic Foresight Hub\u00bb an der ETH Z\u00fcrich. Er stehe dem SIA noch nicht nahe, und von seiner Aussensicht erhoffe sich der Vorstand neue Erkenntnisse, teilt der SIA mit. <\/span><\/span><\/span><\/p>\n<p><span><span><span>Nach zw\u00f6lf Jahren Amtszeit ist Adrian Altenburger, SIA-Vizepr\u00e4sident, als Pr\u00e4sident der Zentralkommission f\u00fcr Normen (ZN) zur\u00fcckgetreten. Mit seiner Nachfolgerin C\u00e9line Weber, Dr \u00e8s sc. tecn., Ing. dipl. EPF\/SIA aus La Rippe (VD), steht zum ersten Mal in der Geschichte des SIA eine Frau der ZN vor. <\/span><\/span><\/span><\/p>","protected":false},"excerpt":{"rendered":"<p><span><span><span>Der Schweizerische Ingenieur- und Architektenverein SIA hat Peter Dransfeld zu seinem neuen Pr\u00e4sidenten gew\u00e4hlt. Den SIA-Vorstand erg\u00e4nzen die Bauingenieure Alain Oulevey und Chris Luebkeman.<\/span><\/span><\/span><\/p>","protected":false},"author":23,"featured_media":0,"comment_status":"closed","ping_status":"closed","sticky":false,"template":"","format":"standard","meta":{"_acf_changed":false,"footnotes":""},"categories":[5],"tags":[74,63],"class_list":["post-1718","post","type-post","status-publish","format-standard","hentry","category-ib","tag-personalia","tag-verbande"],"acf":[],"_links":{"self":[{"href":"https:\/\/develop.immobilienbusiness.ch\/en\/wp-json\/wp\/v2\/posts\/1718","targetHints":{"allow":["GET"]}}],"collection":[{"href":"https:\/\/develop.immobilienbusiness.ch\/en\/wp-json\/wp\/v2\/posts"}],"about":[{"href":"https:\/\/develop.immobilienbusiness.ch\/en\/wp-json\/wp\/v2\/types\/post"}],"author":[{"embeddable":true,"href":"https:\/\/develop.immobilienbusiness.ch\/en\/wp-json\/wp\/v2\/users\/23"}],"replies":[{"embeddable":true,"href":"https:\/\/develop.immobilienbusiness.ch\/en\/wp-json\/wp\/v2\/comments?post=1718"}],"version-history":[{"count":0,"href":"https:\/\/develop.immobilienbusiness.ch\/en\/wp-json\/wp\/v2\/posts\/1718\/revisions"}],"wp:attachment":[{"href":"https:\/\/develop.immobilienbusiness.ch\/en\/wp-json\/wp\/v2\/media?parent=1718"}],"wp:term":[{"taxonomy":"category","embeddable":true,"href":"https:\/\/develop.immobilienbusiness.ch\/en\/wp-json\/wp\/v2\/categories?post=1718"},{"taxonomy":"post_tag","embeddable":true,"href":"https:\/\/develop.immobilienbusiness.ch\/en\/wp-json\/wp\/v2\/tags?post=1718"}],"curies":[{"name":"wp","href":"https:\/\/api.w.org\/{rel}","templated":true}]}}