{"id":1695,"date":"2021-04-21T08:58:55","date_gmt":"2021-04-21T06:58:55","guid":{"rendered":"https:\/\/develop.immobilienbusiness.ch\/de\/allgemein\/2021-04-21\/bern-stadt-findet-nachmieter-fur-hermes-filiale\/"},"modified":"2021-04-21T08:58:55","modified_gmt":"2021-04-21T06:58:55","slug":"bern-stadt-findet-nachmieter-fur-hermes-filiale","status":"publish","type":"post","link":"https:\/\/develop.immobilienbusiness.ch\/en\/ib\/2021-04-21\/bern-stadt-findet-nachmieter-fur-hermes-filiale\/","title":{"rendered":"Bern: Stadt findet Nachmieter f\u00fcr Herm\u00e8s-Filiale"},"content":{"rendered":"<p><span><span><span>Der Luxusg\u00fcterkonzern Herm\u00e8s wird sein Gesch\u00e4ft am Theaterplatz Ende April 2021 schliessen. Ab 1.\u00a0Juni\u00a02021 hat die Elite SA die R\u00e4umlichkeiten gemietet, wie die Stadt Bern mitteilt, um dort ein Verkaufslokal mit Showroom f\u00fcr Boxspringbetten, Matratzen sowie weitere Schlaf- und Einrichtungs-Accessoires einzurichten. <\/span><\/span><\/span><\/p>\n<p><span><span><span>Die Elite SA miete zu den bisherigen Konditionen eine Fl\u00e4che von rund 350 qm, was das Erd- und Obergeschoss vollumf\u00e4nglich sowie Lagerfl\u00e4chen im ersten Untergeschoss umfasst, so die Stadt Bern. Der Mietvertrag sieht den Angaben zufolge eine Mietdauer von f\u00fcnf Jahren mit einer optionalen Verl\u00e4ngerung um weitere f\u00fcnf Jahre vor. Nach kleineren Umbauarbeiten, die von der Mieterin bezahlt werden, sei die Er\u00f6ffnung anfangs Juli 2021 vorgesehen. <\/span><\/span><\/span><\/p>\n<p><span><span><span>Laut einem fr\u00fcheren Medienbericht liegt die Nettomiete f\u00fcr die Gesch\u00e4ftsr\u00e4ume bei 160.000 bis 170.000 CHF pro Jahr.<\/span><\/span><\/span><\/p>","protected":false},"excerpt":{"rendered":"<p><span><span><span>Die Elite SA ist neue Mieterin der Gesch\u00e4ftsliegenschaft am Theaterplatz 13 in Bern, wo sich noch bis Ende April die Herm\u00e8s-Filiale befindet. Das Westschweizer Unternehmen will dort ein Verkaufslokal mit Showroom einrichten.<\/span><\/span><\/span><\/p>","protected":false},"author":23,"featured_media":0,"comment_status":"closed","ping_status":"closed","sticky":false,"template":"","format":"standard","meta":{"_acf_changed":false,"footnotes":""},"categories":[5],"tags":[25,16,40],"class_list":["post-1695","post","type-post","status-publish","format-standard","hentry","category-ib","tag-be","tag-retail","tag-vermietung"],"acf":[],"_links":{"self":[{"href":"https:\/\/develop.immobilienbusiness.ch\/en\/wp-json\/wp\/v2\/posts\/1695","targetHints":{"allow":["GET"]}}],"collection":[{"href":"https:\/\/develop.immobilienbusiness.ch\/en\/wp-json\/wp\/v2\/posts"}],"about":[{"href":"https:\/\/develop.immobilienbusiness.ch\/en\/wp-json\/wp\/v2\/types\/post"}],"author":[{"embeddable":true,"href":"https:\/\/develop.immobilienbusiness.ch\/en\/wp-json\/wp\/v2\/users\/23"}],"replies":[{"embeddable":true,"href":"https:\/\/develop.immobilienbusiness.ch\/en\/wp-json\/wp\/v2\/comments?post=1695"}],"version-history":[{"count":0,"href":"https:\/\/develop.immobilienbusiness.ch\/en\/wp-json\/wp\/v2\/posts\/1695\/revisions"}],"wp:attachment":[{"href":"https:\/\/develop.immobilienbusiness.ch\/en\/wp-json\/wp\/v2\/media?parent=1695"}],"wp:term":[{"taxonomy":"category","embeddable":true,"href":"https:\/\/develop.immobilienbusiness.ch\/en\/wp-json\/wp\/v2\/categories?post=1695"},{"taxonomy":"post_tag","embeddable":true,"href":"https:\/\/develop.immobilienbusiness.ch\/en\/wp-json\/wp\/v2\/tags?post=1695"}],"curies":[{"name":"wp","href":"https:\/\/api.w.org\/{rel}","templated":true}]}}