{"id":169,"date":"2020-04-16T11:29:35","date_gmt":"2020-04-16T09:29:35","guid":{"rendered":"https:\/\/develop.immobilienbusiness.ch\/de\/allgemein\/2020-04-16\/muttenz-kanton-genehmigt-planung-fur-grossprojekt-hagnau-schanzli\/"},"modified":"2020-04-16T11:29:35","modified_gmt":"2020-04-16T09:29:35","slug":"muttenz-kanton-genehmigt-planung-fur-grossprojekt-hagnau-schanzli","status":"publish","type":"post","link":"https:\/\/develop.immobilienbusiness.ch\/en\/ib\/2020-04-16\/muttenz-kanton-genehmigt-planung-fur-grossprojekt-hagnau-schanzli\/","title":{"rendered":"Muttenz: Kanton genehmigt Planung f\u00fcr Grossprojekt Hagnau\/Sch\u00e4nzli"},"content":{"rendered":"<p>Die Quartierplanvorschriften Hagnau Ost, Hagnau West und Sch\u00e4nzli sehen auf den Hagnau-Arealen sechs Hochh\u00e4user mit einem breiten Nutzungsmix vor. Konkret sollen gem\u00e4ss fr\u00fcheren Angaben insgesamt rund 630 Wohnungen mit insgesamt 63.000 qm BGF entstehen. Weiter sind laut der urspr\u00fcnglichen Planung 28.000 qm f\u00fcr Gewerbe vorgesehen, davon maximal 2.000 qm Nettoladenfl\u00e4chen. Insgesamt soll Raum f\u00fcr 700 Arbeitspl\u00e4tze entstehen. Das Sch\u00e4nzli-Areal soll hingegen unbebaut bleiben und zu einem Natur-, Freizeit- und Naherholungsraum mit revitalisierter Birs umgestaltet.<\/p>\n<p>Die Gemeindeversammlung von Muttenz hat die Planung im Juni 2018 gutgeheissen<a href=\"https:\/\/www.immobilienbusiness.ch\/muttenz-gruenes-licht-fuer-entwicklung-der-hagnau-areale\/\">,<\/a> und der Regierungsrat des Kantons Basel-Landschaft hat diese Quartierplanvorschriften am 11. Februar 2020 mit Auflagen und \u00c4nderungen genehmigt. Die Auflagen betreffen nach Angaben der Gemeinde vorwiegend die Erschliessung und Mobilit\u00e4tsplanung der Hagnau-Areale.<\/p>\n<p>Wann genau die Planung f\u00fcr die Gross\u00fcberbauung umgesetzt werden kann, ist indes noch unklar. Beim Kantonsgericht sei eine Beschwerde gegen den Entscheid des Regierungsrates eingegangen, teilt die Gemeinde Muttenz mit. Dadurch k\u00f6nnte sich das Baugesuchsverfahren f\u00fcr das Areal Hagnau Ost verz\u00f6gern, und das weitere Vorgehen werde nach dem Urteil des Kantonsgerichts kommuniziert. Wegen den unterschiedlichen Grundeigentumsverh\u00e4ltnissen und baurechtlichen Vertragsbedingungen auf dem Areal Hagnau West w\u00fcrden die Projektausarbeitung und Umsetzung dort ohnehin etappiert \u00fcber die n\u00e4chsten Jahre bzw. Jahrzehnte erfolgen. F\u00fcr das Sch\u00e4nzli sei die Gemeinde aktuell daran, das konkrete Projekt auszuarbeiten. Dessen Umsetzung erfolge im Idealfall gleichzeitig mit den Bauetappen auf den Hagnau-Arealen.<\/p>","protected":false},"excerpt":{"rendered":"<p>Der Regierungsrat des Kantons Basel-Landschaft hat den Gemeindebeschluss zur Quartierplanung Hagnau\/Sch\u00e4nzli mit Auflagen und \u00c4nderungen genehmigt.<\/p>","protected":false},"author":23,"featured_media":0,"comment_status":"closed","ping_status":"closed","sticky":false,"template":"","format":"standard","meta":{"_acf_changed":false,"footnotes":""},"categories":[5],"tags":[18,7,11,4,14,16],"class_list":["post-169","post","type-post","status-publish","format-standard","hentry","category-ib","tag-bl","tag-buro","tag-in-planung","tag-mehrfamilienhaus-miete","tag-mfh-stockwerkeigentum","tag-retail"],"acf":[],"_links":{"self":[{"href":"https:\/\/develop.immobilienbusiness.ch\/en\/wp-json\/wp\/v2\/posts\/169","targetHints":{"allow":["GET"]}}],"collection":[{"href":"https:\/\/develop.immobilienbusiness.ch\/en\/wp-json\/wp\/v2\/posts"}],"about":[{"href":"https:\/\/develop.immobilienbusiness.ch\/en\/wp-json\/wp\/v2\/types\/post"}],"author":[{"embeddable":true,"href":"https:\/\/develop.immobilienbusiness.ch\/en\/wp-json\/wp\/v2\/users\/23"}],"replies":[{"embeddable":true,"href":"https:\/\/develop.immobilienbusiness.ch\/en\/wp-json\/wp\/v2\/comments?post=169"}],"version-history":[{"count":0,"href":"https:\/\/develop.immobilienbusiness.ch\/en\/wp-json\/wp\/v2\/posts\/169\/revisions"}],"wp:attachment":[{"href":"https:\/\/develop.immobilienbusiness.ch\/en\/wp-json\/wp\/v2\/media?parent=169"}],"wp:term":[{"taxonomy":"category","embeddable":true,"href":"https:\/\/develop.immobilienbusiness.ch\/en\/wp-json\/wp\/v2\/categories?post=169"},{"taxonomy":"post_tag","embeddable":true,"href":"https:\/\/develop.immobilienbusiness.ch\/en\/wp-json\/wp\/v2\/tags?post=169"}],"curies":[{"name":"wp","href":"https:\/\/api.w.org\/{rel}","templated":true}]}}