{"id":1663,"date":"2021-04-15T23:31:45","date_gmt":"2021-04-15T21:31:45","guid":{"rendered":"https:\/\/develop.immobilienbusiness.ch\/de\/allgemein\/2021-04-15\/baar-zweite-bauetappe-beim-buroprojekt-quadrolith\/"},"modified":"2021-04-15T23:31:45","modified_gmt":"2021-04-15T21:31:45","slug":"baar-zweite-bauetappe-beim-buroprojekt-quadrolith","status":"publish","type":"post","link":"https:\/\/develop.immobilienbusiness.ch\/en\/ib\/2021-04-15\/baar-zweite-bauetappe-beim-buroprojekt-quadrolith\/","title":{"rendered":"Baar: Zweite Bauetappe beim B\u00fcroprojekt Quadrolith"},"content":{"rendered":"<p><span><span><span><span><span><span>Mit der geplanten Fertigstellung und dem Bezug neuer Mieter \u2013 geplant auf das vierte Quartal 2021 \u2013 stehen an der Neuhofstrasse dann gesamthaft mehr als 27.000 qm B\u00fcrofl\u00e4chen zur Verf\u00fcgung. <\/span><\/span><\/span><\/span><span><span>Bauherr und Investor ist die Alfred M\u00fcller AG. Die erste Etappe des Quadrolith war Mitte 2018 bezogen worden und ist zu 100 Prozent vermietet, u.a. an <\/span><\/span><span><span>AstraZeneca mit<\/span><\/span><span><span>\u00a0deren Schweizer Sitz.<\/span><\/span><\/span><\/span><\/p>\n<p><span><span><span><span>Beide Geb\u00e4ude sind u-f\u00f6rmig konzipiert, modular aufgebaut und verf\u00fcgen \u00fcber begr\u00fcnte Aussenr\u00e4ume sowie gr\u00fcne Innenh\u00f6fe. \u00abDas flexible Nutzungskonzept eigne sich f\u00fcr Unternehmen verschiedener Gr\u00f6sse\u00bb, heisst es bei Alfred M\u00fcller. Die annoncierten Netto-Mietpreise f\u00fcr die B\u00fcrofl\u00e4chen (\u00abEdelrohbau\u00bb) liegen zwischen 230 und 265 Franken\/qm\/Jahr (exkl. Mehrwertsteuer).<\/span><\/span><\/span><\/span><\/p>\n<p><span><span>Die Entw\u00fcrfe f\u00fcr beide Geb\u00e4ude mit goldener Fassade und Modulbauweise stammt von Axess Architekten\u00a0AG aus Zug. In Gehdistanz von dem Areal befinden sich ein S-Bahnhof und eine Bushaltestelle mit Verbindungen nach Zug, Z\u00fcrich und Luzern.<\/span><\/span><\/p>","protected":false},"excerpt":{"rendered":"<p><span><span><span><span><span><span>An der Neuhofstrasse in Baar wird derzeit die zweite Bauetappe des B\u00fcroprojekts Quadrolith realisiert. In dem zweiten Geb\u00e4ude entstehen weitere rund 17.250 qm Gesch\u00e4ftsfl\u00e4chen.<\/span><\/span><\/span><\/span><\/span><\/span><\/p>","protected":false},"author":25,"featured_media":0,"comment_status":"closed","ping_status":"closed","sticky":false,"template":"","format":"standard","meta":{"_acf_changed":false,"footnotes":""},"categories":[5],"tags":[7,36,19,68,17,20],"class_list":["post-1663","post","type-post","status-publish","format-standard","hentry","category-ib","tag-buro","tag-immobilien-ag","tag-in-bau","tag-projektentwickler","tag-verfugbare-flache","tag-zg"],"acf":[],"_links":{"self":[{"href":"https:\/\/develop.immobilienbusiness.ch\/en\/wp-json\/wp\/v2\/posts\/1663","targetHints":{"allow":["GET"]}}],"collection":[{"href":"https:\/\/develop.immobilienbusiness.ch\/en\/wp-json\/wp\/v2\/posts"}],"about":[{"href":"https:\/\/develop.immobilienbusiness.ch\/en\/wp-json\/wp\/v2\/types\/post"}],"author":[{"embeddable":true,"href":"https:\/\/develop.immobilienbusiness.ch\/en\/wp-json\/wp\/v2\/users\/25"}],"replies":[{"embeddable":true,"href":"https:\/\/develop.immobilienbusiness.ch\/en\/wp-json\/wp\/v2\/comments?post=1663"}],"version-history":[{"count":0,"href":"https:\/\/develop.immobilienbusiness.ch\/en\/wp-json\/wp\/v2\/posts\/1663\/revisions"}],"wp:attachment":[{"href":"https:\/\/develop.immobilienbusiness.ch\/en\/wp-json\/wp\/v2\/media?parent=1663"}],"wp:term":[{"taxonomy":"category","embeddable":true,"href":"https:\/\/develop.immobilienbusiness.ch\/en\/wp-json\/wp\/v2\/categories?post=1663"},{"taxonomy":"post_tag","embeddable":true,"href":"https:\/\/develop.immobilienbusiness.ch\/en\/wp-json\/wp\/v2\/tags?post=1663"}],"curies":[{"name":"wp","href":"https:\/\/api.w.org\/{rel}","templated":true}]}}