{"id":1643,"date":"2021-04-13T21:50:40","date_gmt":"2021-04-13T19:50:40","guid":{"rendered":"https:\/\/develop.immobilienbusiness.ch\/de\/allgemein\/2021-04-13\/zurich-neuer-showroom-im-the-circle-eroffnet\/"},"modified":"2021-04-13T21:50:40","modified_gmt":"2021-04-13T19:50:40","slug":"zurich-neuer-showroom-im-the-circle-eroffnet","status":"publish","type":"post","link":"https:\/\/develop.immobilienbusiness.ch\/en\/ib\/2021-04-13\/zurich-neuer-showroom-im-the-circle-eroffnet\/","title":{"rendered":"Z\u00fcrich: Neuer Showroom im The Circle er\u00f6ffnet"},"content":{"rendered":"<p><span><span><span>Der neue Bruno Wickart Showroom im The Circle am Airport Z\u00fcrich bietet ab sofort Designerm\u00f6bel und Wohnaccessoires auf einer Fl\u00e4che von rund 600 qm. Der neue Ausstellungs- und Verkaufsraum erstreckt sich \u00fcber drei Etagen. Zu finden sind dort u.a. die Marken Vitra, USM, Occhio, De Sede, Fritz Hansen, Classicon und Baxter. Die Filiale ist an 365 Tagen im Jahr ge\u00f6ffnet.<\/span><\/span><\/span><\/p>\n<p><span><span><span>Mit der Er\u00f6ffnung im The Circle erschliesst sich Bruno Wickart die Regionen Z\u00fcrich und Ostschweiz. In den 1950er Jahren war die damalige B\u00fcro Wickart AG als Papeterie- und Schreibmaschinengesch\u00e4ft gestartet und wandelte sich sp\u00e4ter zum Schweizer M\u00f6belhaus.<\/span><\/span><\/span><\/p>\n<p><span><span><span>The Circle ist ein Dienstleistungszentrum der Flughafen Z\u00fcrich AG und der Swiss Life AG, das im Herbst 2020 fertiggestellt wurde. Das neue Quartier am Flughafen Z\u00fcrich besteht aus verschiedenen Markenwelten, bietet zehn Restaurants und Caf\u00e9s sowie zwei Hotels der Hyatt Gruppe, ein Kongresszentrum f\u00fcr bis zu 2.500 G\u00e4ste, ein ambulantes Gesundheitszentrum des Unispitals Z\u00fcrich, B\u00fcrofl\u00e4chen sowie Kunst-, Kultur- und Bildungseinrichtungen.<\/span><\/span><\/span><\/p>","protected":false},"excerpt":{"rendered":"<p><span><span><span>Am Flughafen Z\u00fcrich-Kloten wird im neu erstellten Geb\u00e4udekomplex The Circle das Modul \u00abHome &amp; Living\u00bb mit einem neuen Showroom des Einrichters Bruno Wickart erg\u00e4nzt.<\/span><\/span><\/span><\/p>","protected":false},"author":25,"featured_media":0,"comment_status":"closed","ping_status":"closed","sticky":false,"template":"","format":"standard","meta":{"_acf_changed":false,"footnotes":""},"categories":[5],"tags":[16,40,42],"class_list":["post-1643","post","type-post","status-publish","format-standard","hentry","category-ib","tag-retail","tag-vermietung","tag-zh"],"acf":[],"_links":{"self":[{"href":"https:\/\/develop.immobilienbusiness.ch\/en\/wp-json\/wp\/v2\/posts\/1643","targetHints":{"allow":["GET"]}}],"collection":[{"href":"https:\/\/develop.immobilienbusiness.ch\/en\/wp-json\/wp\/v2\/posts"}],"about":[{"href":"https:\/\/develop.immobilienbusiness.ch\/en\/wp-json\/wp\/v2\/types\/post"}],"author":[{"embeddable":true,"href":"https:\/\/develop.immobilienbusiness.ch\/en\/wp-json\/wp\/v2\/users\/25"}],"replies":[{"embeddable":true,"href":"https:\/\/develop.immobilienbusiness.ch\/en\/wp-json\/wp\/v2\/comments?post=1643"}],"version-history":[{"count":0,"href":"https:\/\/develop.immobilienbusiness.ch\/en\/wp-json\/wp\/v2\/posts\/1643\/revisions"}],"wp:attachment":[{"href":"https:\/\/develop.immobilienbusiness.ch\/en\/wp-json\/wp\/v2\/media?parent=1643"}],"wp:term":[{"taxonomy":"category","embeddable":true,"href":"https:\/\/develop.immobilienbusiness.ch\/en\/wp-json\/wp\/v2\/categories?post=1643"},{"taxonomy":"post_tag","embeddable":true,"href":"https:\/\/develop.immobilienbusiness.ch\/en\/wp-json\/wp\/v2\/tags?post=1643"}],"curies":[{"name":"wp","href":"https:\/\/api.w.org\/{rel}","templated":true}]}}