{"id":1642,"date":"2021-04-13T21:33:40","date_gmt":"2021-04-13T19:33:40","guid":{"rendered":"https:\/\/develop.immobilienbusiness.ch\/de\/allgemein\/2021-04-13\/zurich-dentaltechnik-firma-mietet-buroflache-im-yond\/"},"modified":"2021-04-13T21:33:40","modified_gmt":"2021-04-13T19:33:40","slug":"zurich-dentaltechnik-firma-mietet-buroflache-im-yond","status":"publish","type":"post","link":"https:\/\/develop.immobilienbusiness.ch\/en\/ib\/2021-04-13\/zurich-dentaltechnik-firma-mietet-buroflache-im-yond\/","title":{"rendered":"Z\u00fcrich: Dentaltechnik-Firma mietet B\u00fcrofl\u00e4che im \u00abYOND\u00bb"},"content":{"rendered":"<p><span><span><span>Die neuen B\u00fcror\u00e4ume f\u00fcr Dentsply Sirona in der Gesch\u00e4ftsliegenschaft \u00abYOND\u00bb an der Albisriederstrasse 253 vermittelte SPG Intercity Zurich im Auftrag des Dentaltechnik-Unternehmens. Der Mieter\u00a0wird den neuen Standort im Sommer 2021 beziehen.<\/span><\/span><\/span><\/p>\n<p><span><span><span>Das Geb\u00e4ude \u00abYOND\u00bb ist eine Projektentwicklung der Swiss Prime Site Group (SPS). Die Realisierung erfolgte zwischen Ende 2017 und Ende 2019.<\/span><\/span><\/span><\/p>\n<p><span><span><span>Das innovative Dienstleistungs- und Gewerbehaus\u00a0mit gesamthaft 15.200 qm Geschossfl\u00e4che bietet f\u00fcr Mieter flexible Arbeitsfl\u00e4chen und bis zu 5,5 Meter hohe Raumh\u00f6hen, die individuell und mit einem eigens f\u00fcr das \u00abYOND\u00bb\u00a0entwickelten Baukastensystem gestaltet und unterteilt werden k\u00f6nnen.<\/span><\/span><\/span><\/p>","protected":false},"excerpt":{"rendered":"<p><span><span><span>Dentsply Sirona, Hersteller von zahnmedizinischen Produkten, mietet im SPS-Geb\u00e4ude \u00abYOND\u00bb in Z\u00fcrich-Albisrieden f\u00fcr seinen neuen Standort in der Limmatstadt eine 1.000 qm grosse B\u00fcrofl\u00e4che an.<\/span><\/span><\/span><\/p>","protected":false},"author":25,"featured_media":0,"comment_status":"closed","ping_status":"closed","sticky":false,"template":"","format":"standard","meta":{"_acf_changed":false,"footnotes":""},"categories":[5],"tags":[7,40,42],"class_list":["post-1642","post","type-post","status-publish","format-standard","hentry","category-ib","tag-buro","tag-vermietung","tag-zh"],"acf":[],"_links":{"self":[{"href":"https:\/\/develop.immobilienbusiness.ch\/en\/wp-json\/wp\/v2\/posts\/1642","targetHints":{"allow":["GET"]}}],"collection":[{"href":"https:\/\/develop.immobilienbusiness.ch\/en\/wp-json\/wp\/v2\/posts"}],"about":[{"href":"https:\/\/develop.immobilienbusiness.ch\/en\/wp-json\/wp\/v2\/types\/post"}],"author":[{"embeddable":true,"href":"https:\/\/develop.immobilienbusiness.ch\/en\/wp-json\/wp\/v2\/users\/25"}],"replies":[{"embeddable":true,"href":"https:\/\/develop.immobilienbusiness.ch\/en\/wp-json\/wp\/v2\/comments?post=1642"}],"version-history":[{"count":0,"href":"https:\/\/develop.immobilienbusiness.ch\/en\/wp-json\/wp\/v2\/posts\/1642\/revisions"}],"wp:attachment":[{"href":"https:\/\/develop.immobilienbusiness.ch\/en\/wp-json\/wp\/v2\/media?parent=1642"}],"wp:term":[{"taxonomy":"category","embeddable":true,"href":"https:\/\/develop.immobilienbusiness.ch\/en\/wp-json\/wp\/v2\/categories?post=1642"},{"taxonomy":"post_tag","embeddable":true,"href":"https:\/\/develop.immobilienbusiness.ch\/en\/wp-json\/wp\/v2\/tags?post=1642"}],"curies":[{"name":"wp","href":"https:\/\/api.w.org\/{rel}","templated":true}]}}