{"id":1596,"date":"2021-04-07T13:35:56","date_gmt":"2021-04-07T11:35:56","guid":{"rendered":"https:\/\/develop.immobilienbusiness.ch\/de\/allgemein\/2021-04-07\/zurich-retail-neuvermietung-im-niederdorf\/"},"modified":"2021-04-07T13:35:56","modified_gmt":"2021-04-07T11:35:56","slug":"zurich-retail-neuvermietung-im-niederdorf","status":"publish","type":"post","link":"https:\/\/develop.immobilienbusiness.ch\/en\/ib\/2021-04-07\/zurich-retail-neuvermietung-im-niederdorf\/","title":{"rendered":"Z\u00fcrich: Retail-Neuvermietung im Niederdorf"},"content":{"rendered":"<p><span><span><span><span>Motel a Miio verkauft hochwertige Keramik-Waren, die umweltfreundlich und nachhaltig in Portugal produziert werden. Das Geb\u00e4ude im Niederdorf nahe dem Bellevue befindet sich in einem Einkaufs- und Gastroquartier, wo unter anderem auch die Filialisten Papa Joe\u2019s, Dune sowie Joe &amp; The Juice zu finden sind.<\/span><\/span><\/span><\/span><\/p>\n<p><span><span><span>Die Retail-Fl\u00e4che wurde von SPG Intercity Zurich im Auftrag des Immobilien-Eigent\u00fcmers vermittelt. Die Er\u00f6ffnung des ersten Motel a Miio Ladens auf Schweizer Boden ist f\u00fcr den 17. April 2021 geplant.<\/span><\/span><\/span><\/p>","protected":false},"excerpt":{"rendered":"<p><span><span><span>Die deutsche Design-Marke Motel a Miio hat in der Liegenschaft Schiffl\u00e4nde 5 in der Innenstadt von Z\u00fcrich 205 qm Verkaufsfl\u00e4che angemietet.<\/span><\/span><\/span><\/p>","protected":false},"author":25,"featured_media":0,"comment_status":"closed","ping_status":"closed","sticky":false,"template":"","format":"standard","meta":{"_acf_changed":false,"footnotes":""},"categories":[5],"tags":[16,40,42],"class_list":["post-1596","post","type-post","status-publish","format-standard","hentry","category-ib","tag-retail","tag-vermietung","tag-zh"],"acf":[],"_links":{"self":[{"href":"https:\/\/develop.immobilienbusiness.ch\/en\/wp-json\/wp\/v2\/posts\/1596","targetHints":{"allow":["GET"]}}],"collection":[{"href":"https:\/\/develop.immobilienbusiness.ch\/en\/wp-json\/wp\/v2\/posts"}],"about":[{"href":"https:\/\/develop.immobilienbusiness.ch\/en\/wp-json\/wp\/v2\/types\/post"}],"author":[{"embeddable":true,"href":"https:\/\/develop.immobilienbusiness.ch\/en\/wp-json\/wp\/v2\/users\/25"}],"replies":[{"embeddable":true,"href":"https:\/\/develop.immobilienbusiness.ch\/en\/wp-json\/wp\/v2\/comments?post=1596"}],"version-history":[{"count":0,"href":"https:\/\/develop.immobilienbusiness.ch\/en\/wp-json\/wp\/v2\/posts\/1596\/revisions"}],"wp:attachment":[{"href":"https:\/\/develop.immobilienbusiness.ch\/en\/wp-json\/wp\/v2\/media?parent=1596"}],"wp:term":[{"taxonomy":"category","embeddable":true,"href":"https:\/\/develop.immobilienbusiness.ch\/en\/wp-json\/wp\/v2\/categories?post=1596"},{"taxonomy":"post_tag","embeddable":true,"href":"https:\/\/develop.immobilienbusiness.ch\/en\/wp-json\/wp\/v2\/tags?post=1596"}],"curies":[{"name":"wp","href":"https:\/\/api.w.org\/{rel}","templated":true}]}}