{"id":1592,"date":"2021-04-07T10:26:50","date_gmt":"2021-04-07T08:26:50","guid":{"rendered":"https:\/\/develop.immobilienbusiness.ch\/de\/allgemein\/2021-04-07\/reinach-neue-planung-fur-uberbauung-jupiter\/"},"modified":"2021-04-07T10:26:50","modified_gmt":"2021-04-07T08:26:50","slug":"reinach-neue-planung-fur-uberbauung-jupiter","status":"publish","type":"post","link":"https:\/\/develop.immobilienbusiness.ch\/en\/ib\/2021-04-07\/reinach-neue-planung-fur-uberbauung-jupiter\/","title":{"rendered":"Reinach: Neue Planung f\u00fcr \u00dcberbauung Jupiter"},"content":{"rendered":"<p><span><span>Die Planungen f\u00fcr eine \u00dcberbauung des knapp 11.000 qm grossen \u00a0Areals neben der <span><span><span>International School Basel <\/span><\/span><\/span>und der Tramhaltestelle Reinacherhof laufen seit vielen Jahren. 2017 hatte das Reinacher Stimmvolk einen ersten Quartierplan abgelehnt, woraufhin die Grundeigent\u00fcmerin Werner Sutter Architekt AG ein neues Bebauungskonzept erstellt hat. Statt wie bislang neungeschossige Bauten sind nun insgesamt sieben Mehrfamilienh\u00e4user mit 3-4 respektive 4-5 Geschossen geplant. <\/span><\/span><\/p>\n<p><span><span><span><span><span>Die Anzahl der Wohnungen ist entgegen der urspr\u00fcnglichen Planung von 89 auf 97 gestiegen; mehr als die H\u00e4lfte sollen 3,5-Zimmer-Wohnungen sein. Vorgesehen sind ferner 119 Parkpl\u00e4tze in einer unterirdischen Einstellhalle.<\/span><\/span><\/span><\/span><\/span><\/p>","protected":false},"excerpt":{"rendered":"<p><span><span><span>Die Grundeigent\u00fcmerin Werner Sutter Architekt AG will eine der wenigen Baulandreserven in Reinach (BL) \u00fcberbauen. Geplant sind sieben Mehrfamilienh\u00e4user mit insgesamt fast 100 Wohnungen. <\/span><\/span><\/span><\/p>","protected":false},"author":23,"featured_media":0,"comment_status":"closed","ping_status":"closed","sticky":false,"template":"","format":"standard","meta":{"_acf_changed":false,"footnotes":""},"categories":[5],"tags":[18,11,4,14],"class_list":["post-1592","post","type-post","status-publish","format-standard","hentry","category-ib","tag-bl","tag-in-planung","tag-mehrfamilienhaus-miete","tag-mfh-stockwerkeigentum"],"acf":[],"_links":{"self":[{"href":"https:\/\/develop.immobilienbusiness.ch\/en\/wp-json\/wp\/v2\/posts\/1592","targetHints":{"allow":["GET"]}}],"collection":[{"href":"https:\/\/develop.immobilienbusiness.ch\/en\/wp-json\/wp\/v2\/posts"}],"about":[{"href":"https:\/\/develop.immobilienbusiness.ch\/en\/wp-json\/wp\/v2\/types\/post"}],"author":[{"embeddable":true,"href":"https:\/\/develop.immobilienbusiness.ch\/en\/wp-json\/wp\/v2\/users\/23"}],"replies":[{"embeddable":true,"href":"https:\/\/develop.immobilienbusiness.ch\/en\/wp-json\/wp\/v2\/comments?post=1592"}],"version-history":[{"count":0,"href":"https:\/\/develop.immobilienbusiness.ch\/en\/wp-json\/wp\/v2\/posts\/1592\/revisions"}],"wp:attachment":[{"href":"https:\/\/develop.immobilienbusiness.ch\/en\/wp-json\/wp\/v2\/media?parent=1592"}],"wp:term":[{"taxonomy":"category","embeddable":true,"href":"https:\/\/develop.immobilienbusiness.ch\/en\/wp-json\/wp\/v2\/categories?post=1592"},{"taxonomy":"post_tag","embeddable":true,"href":"https:\/\/develop.immobilienbusiness.ch\/en\/wp-json\/wp\/v2\/tags?post=1592"}],"curies":[{"name":"wp","href":"https:\/\/api.w.org\/{rel}","templated":true}]}}