{"id":1587,"date":"2021-04-06T10:31:26","date_gmt":"2021-04-06T08:31:26","guid":{"rendered":"https:\/\/develop.immobilienbusiness.ch\/de\/allgemein\/2021-04-06\/arlesheim-steiner-und-goetheanum-legen-streit-bei\/"},"modified":"2021-04-06T10:31:26","modified_gmt":"2021-04-06T08:31:26","slug":"arlesheim-steiner-und-goetheanum-legen-streit-bei","status":"publish","type":"post","link":"https:\/\/develop.immobilienbusiness.ch\/en\/ib\/2021-04-06\/arlesheim-steiner-und-goetheanum-legen-streit-bei\/","title":{"rendered":"Arlesheim: Steiner und Goetheanum legen Streit bei"},"content":{"rendered":"<p><span><span><span>Die Steiner AG erstellt in Arlesheim die \u00dcberbauung La Colline mit 29 Eigentumswohnungen in Mehrfamilienh\u00e4usern und 16 Reiheneinfamilienh\u00e4usern. Die Baubewilligung f\u00fcr das Vorhaben wurde dem Entwickler im November 2019 erteilt, allerdings sorgt es in der Region nach wie vor f\u00fcr Unmut. <\/span><\/span><\/span><\/p>\n<p><span><span><span>Zum einen, weil die s\u00fcdlichen Geb\u00e4ude der \u00dcberbauung sehr nah an das Goethenaum in Dornach (SO) heranr\u00fccken, sie k\u00e4men fast unmittelbar neben das Glashaus aus dem Jahr 1914 und das Verlagshaus von 1924 zu stehen. Damit w\u00fcrde die freie Sicht von Norden her auf das Goetheanum, das nationalen Schutz geniesst, teilweise verstellt.<\/span><\/span><\/span><\/p>\n<p><span><span><span>Zum anderen sehen Umweltsch\u00fctzer das Naturschutzgebiet \u00abSchwinbach-Aue\u00bb durch die Bauarbeiten f\u00fcr gef\u00e4hrdet an. Daher hat das Goetheanum als Eigent\u00fcmerin des Naturschutzgebiets rechtliche Schritte ergriffen und ein Bauverbot f\u00fcr die Arealteile auf Dornacher Boden erwirkt. Wie Steiner und das Goetheanum nun mitteilen, habe man sich auf ein Schutzkonzept geeinigt. Im Gegenzug zieht das Goetheanum seine Klage beim Zivilkreisgericht Basel-Landschaft West zur\u00fcck. Die Auswirkungen auf das Naturschutzgebiet aufgrund der laufenden Bauarbeiten seien komplexer als urspr\u00fcnglich erwartet und h\u00e4tten zur Trockenlegung von bei zwei von drei Quellorten auf der Naturschutzparzelle gef\u00fchrt, r\u00e4umt Steiner ein.<\/span><\/span><\/span><\/p>\n<p><span><span><span>Nun sind der Mitteilung zufolge technische und bauliche Massnahmen auf dem Gel\u00e4nde der \u00dcberbauung La Colline und eine Aufwertung des bestehenden Naturraums geplant. Der Wasserzufluss zum benachbarten Schwinbach soll wieder hergestellt und k\u00fcnftig sichergestellt werden. Geplant sind ferner auf dem Areal von La Colline und der angrenzenden Parzelle des Goetheanum mehrere Aufwertungsmassnahmen, die dem verzeichneten R\u00fcckgang des Artenbestands entgegenwirken sollen. Steiner will geeignete Sumpfgr\u00e4ser, B\u00e4ume, Str\u00e4ucher und Hecken pflanzen, um bedrohten Arten wie Feuersalamander, Ringelnatter, Laubfrosch sowie Singv\u00f6geln R\u00fcckzugsm\u00f6glichkeiten zu bieten, so das Unternehmen. <\/span><\/span><\/span><\/p>","protected":false},"excerpt":{"rendered":"<p><span><span><span>Das Goetheanum zieht seine Klage gegen die Steiner AG zur\u00fcck, das Unternehmen kann sein Projekt La Colline weiterbauen. Man wolle sich gemeinsam f\u00fcr den Erhalt des Naturschutzgebiets \u00abSchwinbach\u00bb in Arlesheim (BL) einsetzen, teilen die Parteien mit. <\/span><\/span><\/span><\/p>","protected":false},"author":23,"featured_media":0,"comment_status":"closed","ping_status":"closed","sticky":false,"template":"","format":"standard","meta":{"_acf_changed":false,"footnotes":""},"categories":[5],"tags":[18,19,14],"class_list":["post-1587","post","type-post","status-publish","format-standard","hentry","category-ib","tag-bl","tag-in-bau","tag-mfh-stockwerkeigentum"],"acf":[],"_links":{"self":[{"href":"https:\/\/develop.immobilienbusiness.ch\/en\/wp-json\/wp\/v2\/posts\/1587","targetHints":{"allow":["GET"]}}],"collection":[{"href":"https:\/\/develop.immobilienbusiness.ch\/en\/wp-json\/wp\/v2\/posts"}],"about":[{"href":"https:\/\/develop.immobilienbusiness.ch\/en\/wp-json\/wp\/v2\/types\/post"}],"author":[{"embeddable":true,"href":"https:\/\/develop.immobilienbusiness.ch\/en\/wp-json\/wp\/v2\/users\/23"}],"replies":[{"embeddable":true,"href":"https:\/\/develop.immobilienbusiness.ch\/en\/wp-json\/wp\/v2\/comments?post=1587"}],"version-history":[{"count":0,"href":"https:\/\/develop.immobilienbusiness.ch\/en\/wp-json\/wp\/v2\/posts\/1587\/revisions"}],"wp:attachment":[{"href":"https:\/\/develop.immobilienbusiness.ch\/en\/wp-json\/wp\/v2\/media?parent=1587"}],"wp:term":[{"taxonomy":"category","embeddable":true,"href":"https:\/\/develop.immobilienbusiness.ch\/en\/wp-json\/wp\/v2\/categories?post=1587"},{"taxonomy":"post_tag","embeddable":true,"href":"https:\/\/develop.immobilienbusiness.ch\/en\/wp-json\/wp\/v2\/tags?post=1587"}],"curies":[{"name":"wp","href":"https:\/\/api.w.org\/{rel}","templated":true}]}}