{"id":1531,"date":"2021-03-22T08:25:05","date_gmt":"2021-03-22T07:25:05","guid":{"rendered":"https:\/\/develop.immobilienbusiness.ch\/de\/allgemein\/2021-03-22\/hiag-zenker-zieht-zusage-fur-vr-zuruck\/"},"modified":"2021-03-22T08:25:05","modified_gmt":"2021-03-22T07:25:05","slug":"hiag-zenker-zieht-zusage-fur-vr-zuruck","status":"publish","type":"post","link":"https:\/\/develop.immobilienbusiness.ch\/en\/ib\/2021-03-22\/hiag-zenker-zieht-zusage-fur-vr-zuruck\/","title":{"rendered":"Hiag: Zenker zieht Zusage f\u00fcr VR zur\u00fcck"},"content":{"rendered":"<p>Susanne Zenker, <span><span>Leiterin Development und Mitglied der Gesch\u00e4ftsleitung von SBB Immobilien, <\/span><\/span>hat die Hiag Immobilien Holding AG dar\u00fcber informiert, dass sie aufgrund der vor wenigen Tagen versch\u00e4rften Compliance-Richtlinien der SBB betreffend Nebenbesch\u00e4ftigungen ihrer Mitarbeiterinnen und Mitarbeiter leider kurzfristig nicht mehr f\u00fcr eine Zuwahl in den Verwaltungsrat der Hiag\u00a0 zur Verf\u00fcgung stehen darf.<\/p>\n<p>Man bedauere, dass die ausgewiesene Immobilienexpertin von einer Kandidatur als Verwaltungsr\u00e4tin absehen muss, halte aber an der Absicht fest, den Verwaltungsrat so bald wie m\u00f6glich mit einer zus\u00e4tzlichen Immobilienspezialistin oder einem weiteren Immobilienspezialisten zu verst\u00e4rken, teilt die Hiag mit.<\/p>\n<p>Wie bereits kommuniziert, wird der Generalversammlung vom 22. April 2021 die Zuwahl des Finanzexperten Dr. Christian Wiesendanger in den Verwaltungsrat vorgeschlagen. Er folgt auf den ausscheidenden Dr. Walter Jakob.<\/p>","protected":false},"excerpt":{"rendered":"<p>Infolge der vor kurzem versch\u00e4rften Compliance-Richtlinien der SBB muss Susanne Zenker ihre Zuwahl in den Verwaltungsrat der Hiag ablehnen.<\/p>","protected":false},"author":24,"featured_media":0,"comment_status":"closed","ping_status":"closed","sticky":false,"template":"","format":"standard","meta":{"_acf_changed":false,"footnotes":""},"categories":[5],"tags":[36,74],"class_list":["post-1531","post","type-post","status-publish","format-standard","hentry","category-ib","tag-immobilien-ag","tag-personalia"],"acf":[],"_links":{"self":[{"href":"https:\/\/develop.immobilienbusiness.ch\/en\/wp-json\/wp\/v2\/posts\/1531","targetHints":{"allow":["GET"]}}],"collection":[{"href":"https:\/\/develop.immobilienbusiness.ch\/en\/wp-json\/wp\/v2\/posts"}],"about":[{"href":"https:\/\/develop.immobilienbusiness.ch\/en\/wp-json\/wp\/v2\/types\/post"}],"author":[{"embeddable":true,"href":"https:\/\/develop.immobilienbusiness.ch\/en\/wp-json\/wp\/v2\/users\/24"}],"replies":[{"embeddable":true,"href":"https:\/\/develop.immobilienbusiness.ch\/en\/wp-json\/wp\/v2\/comments?post=1531"}],"version-history":[{"count":0,"href":"https:\/\/develop.immobilienbusiness.ch\/en\/wp-json\/wp\/v2\/posts\/1531\/revisions"}],"wp:attachment":[{"href":"https:\/\/develop.immobilienbusiness.ch\/en\/wp-json\/wp\/v2\/media?parent=1531"}],"wp:term":[{"taxonomy":"category","embeddable":true,"href":"https:\/\/develop.immobilienbusiness.ch\/en\/wp-json\/wp\/v2\/categories?post=1531"},{"taxonomy":"post_tag","embeddable":true,"href":"https:\/\/develop.immobilienbusiness.ch\/en\/wp-json\/wp\/v2\/tags?post=1531"}],"curies":[{"name":"wp","href":"https:\/\/api.w.org\/{rel}","templated":true}]}}