{"id":1492,"date":"2021-03-12T16:32:24","date_gmt":"2021-03-12T15:32:24","guid":{"rendered":"https:\/\/develop.immobilienbusiness.ch\/de\/allgemein\/2021-03-12\/ey-schweiz-neuer-leiter-real-estate-strategy-transactions\/"},"modified":"2021-03-12T16:32:24","modified_gmt":"2021-03-12T15:32:24","slug":"ey-schweiz-neuer-leiter-real-estate-strategy-transactions","status":"publish","type":"post","link":"https:\/\/develop.immobilienbusiness.ch\/en\/ib\/2021-03-12\/ey-schweiz-neuer-leiter-real-estate-strategy-transactions\/","title":{"rendered":"EY Schweiz: Neuer Leiter Real Estate Strategy &#038; Transactions"},"content":{"rendered":"<p>Karl Frank Meinzer ist derzeit Leiter Real Estate Transformation bei EY, davor war er als Leiter Real Estate (Schweiz) bei Deloitte t\u00e4tig. Vorab war Meinzer in leitenden Funktionen t\u00e4tig u.a. bei JLL, Goldman Sachs und Accenture t\u00e4tig. Karl Frank Meinzer hat Volkswirtschaft an den Universit\u00e4ten Fribourg und Lausanne studiert.<br \/>\nZudem wurde Dr. Casper Studer zum Deputy Head of Real Estate Strategy &amp; Transactions bestellt. Er wird weiterhin als Head of Real Estate M&amp;A agieren und \u00fcbernimmt zus\u00e4tzliche Verantwortungen in der strategischen Weiterentwicklung des Bereichs Real Estate Valuation &amp; Data Analytics. Studer ist Immobilien\u00f6konom und Mitglied sowie Assessor der Royal Institution of Chartered Surveyors (RICS). Seinen universit\u00e4ren Abschluss in Real Estate Management hat er an der Hochschule f\u00fcr Wirtschaft in Z\u00fcrich erlangt.<\/p>","protected":false},"excerpt":{"rendered":"<p>Karl Frank Meinzer MRICS \u00fcbernimmt ab 1. April die Position des Head of Real Estate Strategy &amp; Transactions bei EY Schweiz. Er folgt auf Claudio Rudolf, der das Unternehmen zum 31. M\u00e4rz 2021 verl\u00e4sst und zu Implenia wechselt.<\/p>","protected":false},"author":24,"featured_media":0,"comment_status":"closed","ping_status":"closed","sticky":false,"template":"","format":"standard","meta":{"_acf_changed":false,"footnotes":""},"categories":[5],"tags":[69,74],"class_list":["post-1492","post","type-post","status-publish","format-standard","hentry","category-ib","tag-beratungsunternehmen","tag-personalia"],"acf":[],"_links":{"self":[{"href":"https:\/\/develop.immobilienbusiness.ch\/en\/wp-json\/wp\/v2\/posts\/1492","targetHints":{"allow":["GET"]}}],"collection":[{"href":"https:\/\/develop.immobilienbusiness.ch\/en\/wp-json\/wp\/v2\/posts"}],"about":[{"href":"https:\/\/develop.immobilienbusiness.ch\/en\/wp-json\/wp\/v2\/types\/post"}],"author":[{"embeddable":true,"href":"https:\/\/develop.immobilienbusiness.ch\/en\/wp-json\/wp\/v2\/users\/24"}],"replies":[{"embeddable":true,"href":"https:\/\/develop.immobilienbusiness.ch\/en\/wp-json\/wp\/v2\/comments?post=1492"}],"version-history":[{"count":0,"href":"https:\/\/develop.immobilienbusiness.ch\/en\/wp-json\/wp\/v2\/posts\/1492\/revisions"}],"wp:attachment":[{"href":"https:\/\/develop.immobilienbusiness.ch\/en\/wp-json\/wp\/v2\/media?parent=1492"}],"wp:term":[{"taxonomy":"category","embeddable":true,"href":"https:\/\/develop.immobilienbusiness.ch\/en\/wp-json\/wp\/v2\/categories?post=1492"},{"taxonomy":"post_tag","embeddable":true,"href":"https:\/\/develop.immobilienbusiness.ch\/en\/wp-json\/wp\/v2\/tags?post=1492"}],"curies":[{"name":"wp","href":"https:\/\/api.w.org\/{rel}","templated":true}]}}