{"id":1465,"date":"2021-03-10T09:53:25","date_gmt":"2021-03-10T08:53:25","guid":{"rendered":"https:\/\/develop.immobilienbusiness.ch\/de\/allgemein\/2021-03-10\/kanton-luzern-das-entlebuch-soll-besser-angebunden-werden\/"},"modified":"2021-03-10T09:53:25","modified_gmt":"2021-03-10T08:53:25","slug":"kanton-luzern-das-entlebuch-soll-besser-angebunden-werden","status":"publish","type":"post","link":"https:\/\/develop.immobilienbusiness.ch\/en\/ib\/2021-03-10\/kanton-luzern-das-entlebuch-soll-besser-angebunden-werden\/","title":{"rendered":"Kanton Luzern: Das Entlebuch soll besser angebunden werden"},"content":{"rendered":"<p><span><span><span>Mit dem Ausbau des Abschnitts \u00abChlusboden\u00bb soll die enge, kurvenreiche und steinschlaggef\u00e4hrdete Strasse verbreitert, umfassend saniert und gegen Naturgefahren gesichert werden. Statt des Tunnels und der alten Br\u00fccke eingangs der Schlucht ist eine neue, gestreckte Br\u00fccke geplant. Den daf\u00fcr notwendigen Sonderkredit in H\u00f6he von 26,1 Millionen CHF haben die Luzerner Stimmberechtigten mit fast 83 Prozent Ja-Stimmen an der Urne gutgeheissen. <\/span><\/span><\/span><\/p>\n<p><span><span><span>Im Juni 2021 will die zust\u00e4ndige kantonale Dienststelle Verkehr und Infrastruktur mit den Vorarbeiten beginnen. Die Hauptaufgaben k\u00f6nnen voraussichtlich 2023 aufgenommen werden. Der Ausbau des ersten Abschnittes soll bis 2025 realisiert sein.<\/span><\/span><\/span><\/p>","protected":false},"excerpt":{"rendered":"<p><span><span><span>In drei Teilprojekten soll die Verbindung von Sch\u00fcpfheim nach Fl\u00fchli\/S\u00f6renberg (LU) saniert werden. Den Sonderkredit f\u00fcr den ersten Abschnitt durch die Lammschlucht hat das Luzerner Stimmvolk nun genehmigt. <\/span><\/span><\/span><\/p>","protected":false},"author":23,"featured_media":0,"comment_status":"closed","ping_status":"closed","sticky":false,"template":"","format":"standard","meta":{"_acf_changed":false,"footnotes":""},"categories":[5],"tags":[62,10],"class_list":["post-1465","post","type-post","status-publish","format-standard","hentry","category-ib","tag-infrastruktur","tag-lu"],"acf":[],"_links":{"self":[{"href":"https:\/\/develop.immobilienbusiness.ch\/en\/wp-json\/wp\/v2\/posts\/1465","targetHints":{"allow":["GET"]}}],"collection":[{"href":"https:\/\/develop.immobilienbusiness.ch\/en\/wp-json\/wp\/v2\/posts"}],"about":[{"href":"https:\/\/develop.immobilienbusiness.ch\/en\/wp-json\/wp\/v2\/types\/post"}],"author":[{"embeddable":true,"href":"https:\/\/develop.immobilienbusiness.ch\/en\/wp-json\/wp\/v2\/users\/23"}],"replies":[{"embeddable":true,"href":"https:\/\/develop.immobilienbusiness.ch\/en\/wp-json\/wp\/v2\/comments?post=1465"}],"version-history":[{"count":0,"href":"https:\/\/develop.immobilienbusiness.ch\/en\/wp-json\/wp\/v2\/posts\/1465\/revisions"}],"wp:attachment":[{"href":"https:\/\/develop.immobilienbusiness.ch\/en\/wp-json\/wp\/v2\/media?parent=1465"}],"wp:term":[{"taxonomy":"category","embeddable":true,"href":"https:\/\/develop.immobilienbusiness.ch\/en\/wp-json\/wp\/v2\/categories?post=1465"},{"taxonomy":"post_tag","embeddable":true,"href":"https:\/\/develop.immobilienbusiness.ch\/en\/wp-json\/wp\/v2\/tags?post=1465"}],"curies":[{"name":"wp","href":"https:\/\/api.w.org\/{rel}","templated":true}]}}