{"id":1446,"date":"2021-03-08T08:59:26","date_gmt":"2021-03-08T07:59:26","guid":{"rendered":"https:\/\/develop.immobilienbusiness.ch\/de\/allgemein\/2021-03-08\/bern-ja-zu-massnahmen-rund-um-den-bahnhofumbau\/"},"modified":"2021-03-08T08:59:26","modified_gmt":"2021-03-08T07:59:26","slug":"bern-ja-zu-massnahmen-rund-um-den-bahnhofumbau","status":"publish","type":"post","link":"https:\/\/develop.immobilienbusiness.ch\/en\/ib\/2021-03-08\/bern-ja-zu-massnahmen-rund-um-den-bahnhofumbau\/","title":{"rendered":"Bern: Ja zu Massnahmen rund um den Bahnhofumbau"},"content":{"rendered":"<p><span><span><span>Mit dem Bahnhofsumbau in Bern werden ab der f\u00fcr das Jahr 2027 geplanten Fertigstellung deutlich mehr Pendler erwartet. Um die stark wachsenden Passantenstr\u00f6me und den \u00d6V zu bew\u00e4ltigen, will die Stadt den Strassenraum beim Bubenbergplatz neu organisieren. Der Fussverkehr soll mehr Platz erhalten und vom Veloverkehr klarer abgegrenzt werden, der motorisierte Individualverkehr soll reduziert werden. Zudem ist eine unterirdische Personenpassage vom neuen Zugang Bubenberg zum Hirschengraben geplant. <\/span><\/span><\/span><\/p>\n<p><span><span><span>Den Kredit von 112 Millionen CHF f\u00fcr diese Bau- und Verkehrsmassnahmen haben die Stimmberechtigten am 7. M\u00e4rz 2021 mit 58% Ja-Stimmen angenommen. <\/span><\/span><\/span><\/p>","protected":false},"excerpt":{"rendered":"<p><span><span><span>Die Berner Stimmbev\u00f6lkerung hat die geplanten Verkehrsmassnahmen rund um den Bahnhof Bern gutgeheissen. Damit kann unter anderem eine unterirdische Passage zum Hirschengraben gebaut werden.<\/span><\/span><\/span><\/p>","protected":false},"author":23,"featured_media":0,"comment_status":"closed","ping_status":"closed","sticky":false,"template":"","format":"standard","meta":{"_acf_changed":false,"footnotes":""},"categories":[5],"tags":[25,62],"class_list":["post-1446","post","type-post","status-publish","format-standard","hentry","category-ib","tag-be","tag-infrastruktur"],"acf":[],"_links":{"self":[{"href":"https:\/\/develop.immobilienbusiness.ch\/en\/wp-json\/wp\/v2\/posts\/1446","targetHints":{"allow":["GET"]}}],"collection":[{"href":"https:\/\/develop.immobilienbusiness.ch\/en\/wp-json\/wp\/v2\/posts"}],"about":[{"href":"https:\/\/develop.immobilienbusiness.ch\/en\/wp-json\/wp\/v2\/types\/post"}],"author":[{"embeddable":true,"href":"https:\/\/develop.immobilienbusiness.ch\/en\/wp-json\/wp\/v2\/users\/23"}],"replies":[{"embeddable":true,"href":"https:\/\/develop.immobilienbusiness.ch\/en\/wp-json\/wp\/v2\/comments?post=1446"}],"version-history":[{"count":0,"href":"https:\/\/develop.immobilienbusiness.ch\/en\/wp-json\/wp\/v2\/posts\/1446\/revisions"}],"wp:attachment":[{"href":"https:\/\/develop.immobilienbusiness.ch\/en\/wp-json\/wp\/v2\/media?parent=1446"}],"wp:term":[{"taxonomy":"category","embeddable":true,"href":"https:\/\/develop.immobilienbusiness.ch\/en\/wp-json\/wp\/v2\/categories?post=1446"},{"taxonomy":"post_tag","embeddable":true,"href":"https:\/\/develop.immobilienbusiness.ch\/en\/wp-json\/wp\/v2\/tags?post=1446"}],"curies":[{"name":"wp","href":"https:\/\/api.w.org\/{rel}","templated":true}]}}