{"id":1423,"date":"2021-03-04T09:11:57","date_gmt":"2021-03-04T08:11:57","guid":{"rendered":"https:\/\/develop.immobilienbusiness.ch\/de\/allgemein\/2021-03-04\/basel-aeschenplatz-soll-attraktiver-werden\/"},"modified":"2021-03-04T09:11:57","modified_gmt":"2021-03-04T08:11:57","slug":"basel-aeschenplatz-soll-attraktiver-werden","status":"publish","type":"post","link":"https:\/\/develop.immobilienbusiness.ch\/en\/ib\/2021-03-04\/basel-aeschenplatz-soll-attraktiver-werden\/","title":{"rendered":"Basel: Aeschenplatz soll attraktiver werden"},"content":{"rendered":"<p><span><span><span>Die Basler Regierung will den Aeschenplatz, derzeit ein komplexer und un\u00fcbersichtlicher Verkehrsknotenpunkt, umgestalten. Geplant ist ein Grosskreisel von der St. Jakobs-Strasse bis zum Brunng\u00e4sslein, der alle Hauptverkehrsachsen miteinander verbindet. Die Tramhaltestellen will man auf dem Platz b\u00fcndeln und die Bushaltestellen m\u00f6glichst nahe am Platz anordnen, damit ein schneller Umstieg zwischen Tram und Bus erleichtert wird.<\/span><\/span><\/span><\/p>\n<p><span><span><span>Die verbleibende Fl\u00e4che auf dem Platz soll zu einem Raum mit mehr Aufenthaltsqualit\u00e4t gestaltet werden. Laut Regierungsrat seien etwa ein repr\u00e4sentativer Brunnen oder ein Baumdach denkbar; diese und weitere Ideen sollen im Vorprojekt gepr\u00fcft werden. Den raumpr\u00e4genden Kelterbornpavillon mit seiner markanten Dachkonstruktion will man in seiner urspr\u00fcnglichen Funktion als Lokalbahnhof st\u00e4rken. <\/span><\/span><\/span><\/p>\n<p><span><span><span>Von der Umgestaltung verspricht sich die Regierung k\u00fcrzere Reisezeiten, eine Reduktion der Konfliktstellen zwischen dem \u00d6V und dem Autoverkehr sowie mehr Verkehrssicherheit f\u00fcr Velofahrende.<\/span><\/span><\/span><\/p>","protected":false},"excerpt":{"rendered":"<p><span><span><span>Der Aeschenplatz in Basel, ein wichtiger Verkehrsknoten und Eingangstor zur Innenstadt, soll neu organisiert und aufgewertet werden. Entsprechenden Pl\u00e4ne stellte der Basler Regierungsrat vor.<\/span><\/span><\/span><\/p>","protected":false},"author":23,"featured_media":0,"comment_status":"closed","ping_status":"closed","sticky":false,"template":"","format":"standard","meta":{"_acf_changed":false,"footnotes":""},"categories":[5],"tags":[2,11,62],"class_list":["post-1423","post","type-post","status-publish","format-standard","hentry","category-ib","tag-bs","tag-in-planung","tag-infrastruktur"],"acf":[],"_links":{"self":[{"href":"https:\/\/develop.immobilienbusiness.ch\/en\/wp-json\/wp\/v2\/posts\/1423","targetHints":{"allow":["GET"]}}],"collection":[{"href":"https:\/\/develop.immobilienbusiness.ch\/en\/wp-json\/wp\/v2\/posts"}],"about":[{"href":"https:\/\/develop.immobilienbusiness.ch\/en\/wp-json\/wp\/v2\/types\/post"}],"author":[{"embeddable":true,"href":"https:\/\/develop.immobilienbusiness.ch\/en\/wp-json\/wp\/v2\/users\/23"}],"replies":[{"embeddable":true,"href":"https:\/\/develop.immobilienbusiness.ch\/en\/wp-json\/wp\/v2\/comments?post=1423"}],"version-history":[{"count":0,"href":"https:\/\/develop.immobilienbusiness.ch\/en\/wp-json\/wp\/v2\/posts\/1423\/revisions"}],"wp:attachment":[{"href":"https:\/\/develop.immobilienbusiness.ch\/en\/wp-json\/wp\/v2\/media?parent=1423"}],"wp:term":[{"taxonomy":"category","embeddable":true,"href":"https:\/\/develop.immobilienbusiness.ch\/en\/wp-json\/wp\/v2\/categories?post=1423"},{"taxonomy":"post_tag","embeddable":true,"href":"https:\/\/develop.immobilienbusiness.ch\/en\/wp-json\/wp\/v2\/tags?post=1423"}],"curies":[{"name":"wp","href":"https:\/\/api.w.org\/{rel}","templated":true}]}}