{"id":1371,"date":"2021-02-27T18:02:44","date_gmt":"2021-02-27T17:02:44","guid":{"rendered":"https:\/\/develop.immobilienbusiness.ch\/de\/allgemein\/2021-02-27\/zurich-swiss-prime-site-plant-neubauten-auf-dem-maag-areal\/"},"modified":"2021-02-27T18:02:44","modified_gmt":"2021-02-27T17:02:44","slug":"zurich-swiss-prime-site-plant-neubauten-auf-dem-maag-areal","status":"publish","type":"post","link":"https:\/\/develop.immobilienbusiness.ch\/en\/ib\/2021-02-27\/zurich-swiss-prime-site-plant-neubauten-auf-dem-maag-areal\/","title":{"rendered":"Z\u00fcrich: Swiss Prime Site plant Neubauten auf dem Maag Areal"},"content":{"rendered":"<p><span><span>Baustart f\u00fcr die beiden Neubauten soll 2023 sein, wie die Swiss Prime Site AG als Grundbesitzerin und Investorin des Areals Ende Februar an ihrer Jahrespressekonferenz bekannt gab. Geplant sein ein \u00abbelebtes, gr\u00fcnes Quartier und Geb\u00e4ude mit polyvalenter Nutzung\u00bb, erkl\u00e4rte SPS-CEO Ren\u00e9 Zahnd. F\u00fcr die Gestaltung der beiden Geb\u00e4ude \u2013\u00a0ein Wohnhochhaus und ein l\u00e4ngliches Geb\u00e4ude als Kulturhaus \u2013 zeichnet das Berliner Architekturb\u00fcro Sauerbruch Hutton verantwortlich, das sich mit seinem Vorschlag im Studienauftrag \u00abMaaglive\u00bb durchsetzen konnte. F\u00fcr das Neubauprojekt m\u00fcssen die Maag-Halle und die provisorische Tonhalle r\u00fcckgebaut werden; das s\u00fcdwestliche, unter Denkmalschutz stehende Eckgeb\u00e4ude, in dem sich aktuell ein Restaurant befindet, bleibt erhalten. 2025 sollen die Neubauten fertiggestellt und bezugsbereit sein.<\/span><\/span><\/p>","protected":false},"excerpt":{"rendered":"<p><span><span>Auf dem Maag Areal in Z\u00fcrich West soll nach den Pl\u00e4nen des Berliner Architekturb\u00fcros Sauerbruch Hutton ein Hochhaus sowie ein Kulturhaus entstehen. F\u00fcr das Neubauprojekt m\u00fcssen die Maag-Halle und die provisorische Tonhalle weichen.<\/span><\/span><\/p>","protected":false},"author":24,"featured_media":0,"comment_status":"closed","ping_status":"closed","sticky":false,"template":"","format":"standard","meta":{"_acf_changed":false,"footnotes":""},"categories":[5],"tags":[11,4,42],"class_list":["post-1371","post","type-post","status-publish","format-standard","hentry","category-ib","tag-in-planung","tag-mehrfamilienhaus-miete","tag-zh"],"acf":[],"_links":{"self":[{"href":"https:\/\/develop.immobilienbusiness.ch\/en\/wp-json\/wp\/v2\/posts\/1371","targetHints":{"allow":["GET"]}}],"collection":[{"href":"https:\/\/develop.immobilienbusiness.ch\/en\/wp-json\/wp\/v2\/posts"}],"about":[{"href":"https:\/\/develop.immobilienbusiness.ch\/en\/wp-json\/wp\/v2\/types\/post"}],"author":[{"embeddable":true,"href":"https:\/\/develop.immobilienbusiness.ch\/en\/wp-json\/wp\/v2\/users\/24"}],"replies":[{"embeddable":true,"href":"https:\/\/develop.immobilienbusiness.ch\/en\/wp-json\/wp\/v2\/comments?post=1371"}],"version-history":[{"count":0,"href":"https:\/\/develop.immobilienbusiness.ch\/en\/wp-json\/wp\/v2\/posts\/1371\/revisions"}],"wp:attachment":[{"href":"https:\/\/develop.immobilienbusiness.ch\/en\/wp-json\/wp\/v2\/media?parent=1371"}],"wp:term":[{"taxonomy":"category","embeddable":true,"href":"https:\/\/develop.immobilienbusiness.ch\/en\/wp-json\/wp\/v2\/categories?post=1371"},{"taxonomy":"post_tag","embeddable":true,"href":"https:\/\/develop.immobilienbusiness.ch\/en\/wp-json\/wp\/v2\/tags?post=1371"}],"curies":[{"name":"wp","href":"https:\/\/api.w.org\/{rel}","templated":true}]}}