{"id":1343,"date":"2021-02-23T09:20:29","date_gmt":"2021-02-23T08:20:29","guid":{"rendered":"https:\/\/develop.immobilienbusiness.ch\/de\/allgemein\/2021-02-23\/entlebuch-hasle-in-heiligkreuz-soll-ein-hotel-und-seminarkomplex-entstehen\/"},"modified":"2021-02-23T09:20:29","modified_gmt":"2021-02-23T08:20:29","slug":"entlebuch-hasle-in-heiligkreuz-soll-ein-hotel-und-seminarkomplex-entstehen","status":"publish","type":"post","link":"https:\/\/develop.immobilienbusiness.ch\/en\/ib\/2021-02-23\/entlebuch-hasle-in-heiligkreuz-soll-ein-hotel-und-seminarkomplex-entstehen\/","title":{"rendered":"Entlebuch-Hasle: In Heiligkreuz soll ein Hotel- und Seminarkomplex entstehen"},"content":{"rendered":"<p><span><span><span>Wie die Gemeinde Entlebuch-Hasle mitteilt, hat Beat Odinga, der Grundeigent\u00fcmer des ehemaligen Schwesternheims in Heiligkreuz, nach dem Scheitern der Pl\u00e4ne f\u00fcr eine Bildungsakademie gemeinsam mit der Pflegschaft Heiligkreuz ein neues Konzept unter dem Namen \u00abHospitality Heiligkreuz\u00bb entwickelt. <\/span><\/span><\/span><\/p>\n<p><span><span><span>Laut einem Kooperationsvertrag, den die Parteien bereits abgeschlossen haben, sollen die Geb\u00e4ude Kurhaus, Sch\u00fc\u00fcr und Schwesternheim f\u00fcr einen gemeinsamen Betrieb ert\u00fcchtigt werden. Das zum Ort passende Konzept umfasse Beherbergung, Gastronomie, Erholung sowie Seminare f\u00fcr Aus- und Weiterbildung, heisst es in der Mitteilung der Gemeinde. <\/span><\/span><\/span><\/p>\n<p><span><span><span>F\u00fcr den Umbau des Schwesternheim muss der Zonenplan angepasst werden. Die \u00c4nderungen im Bau- und Zonenreglement sowie der Bebauungsplan werden vom 1. M\u00e4rz bis 30. M\u00e4rz 2021 \u00f6ffentlich aufliegen. Anfang M\u00e4rz wollen der Investor und die Pflegschaft Heiligkreuz \u00fcber die Pl\u00e4ne informieren.<\/span><\/span><\/span><\/p>","protected":false},"excerpt":{"rendered":"<p><span><span><span>Unter dem Namen Heiligkreuz-Hospitality ist am Wallfahrtsort Heiligkreuz in Entlebuch-Hasle (LU) ein Komplex mit Beherbergung, Gastronomie und R\u00e4umlichkeiten f\u00fcr Aus- und Weiterbildung geplant. <\/span><\/span><\/span><\/p>","protected":false},"author":23,"featured_media":0,"comment_status":"closed","ping_status":"closed","sticky":false,"template":"","format":"standard","meta":{"_acf_changed":false,"footnotes":""},"categories":[5],"tags":[78,9,11,10],"class_list":["post-1343","post","type-post","status-publish","format-standard","hentry","category-ib","tag-gastronomie","tag-hotels","tag-in-planung","tag-lu"],"acf":[],"_links":{"self":[{"href":"https:\/\/develop.immobilienbusiness.ch\/en\/wp-json\/wp\/v2\/posts\/1343","targetHints":{"allow":["GET"]}}],"collection":[{"href":"https:\/\/develop.immobilienbusiness.ch\/en\/wp-json\/wp\/v2\/posts"}],"about":[{"href":"https:\/\/develop.immobilienbusiness.ch\/en\/wp-json\/wp\/v2\/types\/post"}],"author":[{"embeddable":true,"href":"https:\/\/develop.immobilienbusiness.ch\/en\/wp-json\/wp\/v2\/users\/23"}],"replies":[{"embeddable":true,"href":"https:\/\/develop.immobilienbusiness.ch\/en\/wp-json\/wp\/v2\/comments?post=1343"}],"version-history":[{"count":0,"href":"https:\/\/develop.immobilienbusiness.ch\/en\/wp-json\/wp\/v2\/posts\/1343\/revisions"}],"wp:attachment":[{"href":"https:\/\/develop.immobilienbusiness.ch\/en\/wp-json\/wp\/v2\/media?parent=1343"}],"wp:term":[{"taxonomy":"category","embeddable":true,"href":"https:\/\/develop.immobilienbusiness.ch\/en\/wp-json\/wp\/v2\/categories?post=1343"},{"taxonomy":"post_tag","embeddable":true,"href":"https:\/\/develop.immobilienbusiness.ch\/en\/wp-json\/wp\/v2\/tags?post=1343"}],"curies":[{"name":"wp","href":"https:\/\/api.w.org\/{rel}","templated":true}]}}