{"id":1273,"date":"2021-02-10T08:23:12","date_gmt":"2021-02-10T07:23:12","guid":{"rendered":"https:\/\/develop.immobilienbusiness.ch\/de\/allgemein\/2021-02-10\/neugelder-von-54-4-millionen-fur-den-immo56\/"},"modified":"2021-02-10T08:23:12","modified_gmt":"2021-02-10T07:23:12","slug":"neugelder-von-54-4-millionen-fur-den-immo56","status":"publish","type":"post","link":"https:\/\/develop.immobilienbusiness.ch\/en\/ib\/2021-02-10\/neugelder-von-54-4-millionen-fur-den-immo56\/","title":{"rendered":"Neugelder von 54,4 Millionen f\u00fcr den Immo56"},"content":{"rendered":"<p><span><span><span>Laut Angaben vom Dezember 2020 hatte Procimmo bei der Kapitalerh\u00f6hung f\u00fcr den Fonds Immobilier-CH pour Institutionnels 56j (Immo56) mit einem Emissionsvolumen von rund 50 Millionen CHF gerechnet, nun hat der Fonds 54,4 Millionen aufgenommen. <\/span><\/span><\/span><\/p>\n<p><span><span><span>Die Emission sei deutlich \u00fcberzeichnet gewesen, was man als klaren Vertrauensbeweis der Investoren gegen\u00fcber dem Fonds deute, dies trotz der aktuellen Corona-Krise, so Procimmo.<\/span><\/span><\/span><\/p>\n<p><span><span><span>Mit dem frischen Geld will der Fonds die Entwicklungsprojekte des Immobilienportfolios finanzieren und seine Fremdfinanzierungsquote senken.<\/span><\/span><\/span><\/p>\n<p><span><span><span>Die Zeichnungsfrist lief vom 11. Januar bis 2. Februar 2021, die Zuteilung und Liberierung der knapp 360.000 neuen Fondsanteile erfolgte am 9. Februar. Insgesamt sind nun rund 2,33 Millionen Anteile bei den Investoren im Umlauf.<\/span><\/span><\/span><\/p>","protected":false},"excerpt":{"rendered":"<p><span><span><span>Der Procimmo-Fonds Immo56 hat bei seiner j\u00fcngsten Kapitalerh\u00f6hung 54,4 Millionen CHF aufgenommen. Die Emission sei deutlich \u00fcberzeichnet gewesen, teilt Procimmo mit. <\/span><\/span><\/span><\/p>","protected":false},"author":23,"featured_media":0,"comment_status":"closed","ping_status":"closed","sticky":false,"template":"","format":"standard","meta":{"_acf_changed":false,"footnotes":""},"categories":[5],"tags":[35,11],"class_list":["post-1273","post","type-post","status-publish","format-standard","hentry","category-ib","tag-immobilienfonds","tag-in-planung"],"acf":[],"_links":{"self":[{"href":"https:\/\/develop.immobilienbusiness.ch\/en\/wp-json\/wp\/v2\/posts\/1273","targetHints":{"allow":["GET"]}}],"collection":[{"href":"https:\/\/develop.immobilienbusiness.ch\/en\/wp-json\/wp\/v2\/posts"}],"about":[{"href":"https:\/\/develop.immobilienbusiness.ch\/en\/wp-json\/wp\/v2\/types\/post"}],"author":[{"embeddable":true,"href":"https:\/\/develop.immobilienbusiness.ch\/en\/wp-json\/wp\/v2\/users\/23"}],"replies":[{"embeddable":true,"href":"https:\/\/develop.immobilienbusiness.ch\/en\/wp-json\/wp\/v2\/comments?post=1273"}],"version-history":[{"count":0,"href":"https:\/\/develop.immobilienbusiness.ch\/en\/wp-json\/wp\/v2\/posts\/1273\/revisions"}],"wp:attachment":[{"href":"https:\/\/develop.immobilienbusiness.ch\/en\/wp-json\/wp\/v2\/media?parent=1273"}],"wp:term":[{"taxonomy":"category","embeddable":true,"href":"https:\/\/develop.immobilienbusiness.ch\/en\/wp-json\/wp\/v2\/categories?post=1273"},{"taxonomy":"post_tag","embeddable":true,"href":"https:\/\/develop.immobilienbusiness.ch\/en\/wp-json\/wp\/v2\/tags?post=1273"}],"curies":[{"name":"wp","href":"https:\/\/api.w.org\/{rel}","templated":true}]}}