{"id":1262,"date":"2021-02-08T08:37:53","date_gmt":"2021-02-08T07:37:53","guid":{"rendered":"https:\/\/develop.immobilienbusiness.ch\/de\/allgemein\/2021-02-08\/kanton-bern-neues-programm-fur-die-siedlungsentwicklung-nach-innen\/"},"modified":"2021-02-08T08:37:53","modified_gmt":"2021-02-08T07:37:53","slug":"kanton-bern-neues-programm-fur-die-siedlungsentwicklung-nach-innen","status":"publish","type":"post","link":"https:\/\/develop.immobilienbusiness.ch\/en\/ib\/2021-02-08\/kanton-bern-neues-programm-fur-die-siedlungsentwicklung-nach-innen\/","title":{"rendered":"Kanton Bern: Neues Programm f\u00fcr die Siedlungsentwicklung nach innen"},"content":{"rendered":"<p><span><span><span>Es ist raumplanerische Leitlinie des Kanton Bern, die r\u00e4umliche Entwicklung in bereits bebaute Gebiete zu lenken, das Siedlungsgebiet m\u00f6glichst optimal zu nutzen und gewachsene Siedlungen unter Ber\u00fccksichtigung identit\u00e4tsstiftender Baukultur zu erneuern. <\/span><\/span><\/span><\/p>\n<p><span><span><span>Um die Gemeinden dabei zu unterst\u00fctzen, initiiert das Amt f\u00fcr Gemeinden und Raumordnung (AGR) das Programm \u00abSEinplus\u00bb. Es startete am 5. Februar und hat eine Laufzeit bis vorerst 2023. <\/span><\/span><\/span><\/p>\n<p><span><span><span>Im Rahmen des Programms werden Sprechstunden f\u00fcr Gemeinden angeboten, in denen sich diese bei konzeptionellen oder methodischen Fragen oder bei Fragen zu konkreten Entwicklungsvorhaben in einem fr\u00fchen Planungszeitpunkt beraten lassen k\u00f6nnen. Zudem k\u00f6nnen kleine und mittlere Gemeinden finanzielle Hilfen f\u00fcr Testplanungen oder Ideenwettbewerbe erhalten. Dar\u00fcber hinaus strebt man einen Erfahrungsaustausch unter den Gemeinden und in den Regionen an. <\/span><\/span><\/span><\/p>","protected":false},"excerpt":{"rendered":"<p><span><span><span>Der Kanton Bern hat die Siedlungsentwicklung nach innen zum zentralen Ziel der Raumplanung erkl\u00e4rt. Um den Gemeinden bei der Umsetzung zu helfen, ist das neue Programm \u00abSEinplus\u00bb lanciert worden. <\/span><\/span><\/span><\/p>","protected":false},"author":23,"featured_media":0,"comment_status":"closed","ping_status":"closed","sticky":false,"template":"","format":"standard","meta":{"_acf_changed":false,"footnotes":""},"categories":[5],"tags":[25,77],"class_list":["post-1262","post","type-post","status-publish","format-standard","hentry","category-ib","tag-be","tag-raumordnung-zonenplanung"],"acf":[],"_links":{"self":[{"href":"https:\/\/develop.immobilienbusiness.ch\/en\/wp-json\/wp\/v2\/posts\/1262","targetHints":{"allow":["GET"]}}],"collection":[{"href":"https:\/\/develop.immobilienbusiness.ch\/en\/wp-json\/wp\/v2\/posts"}],"about":[{"href":"https:\/\/develop.immobilienbusiness.ch\/en\/wp-json\/wp\/v2\/types\/post"}],"author":[{"embeddable":true,"href":"https:\/\/develop.immobilienbusiness.ch\/en\/wp-json\/wp\/v2\/users\/23"}],"replies":[{"embeddable":true,"href":"https:\/\/develop.immobilienbusiness.ch\/en\/wp-json\/wp\/v2\/comments?post=1262"}],"version-history":[{"count":0,"href":"https:\/\/develop.immobilienbusiness.ch\/en\/wp-json\/wp\/v2\/posts\/1262\/revisions"}],"wp:attachment":[{"href":"https:\/\/develop.immobilienbusiness.ch\/en\/wp-json\/wp\/v2\/media?parent=1262"}],"wp:term":[{"taxonomy":"category","embeddable":true,"href":"https:\/\/develop.immobilienbusiness.ch\/en\/wp-json\/wp\/v2\/categories?post=1262"},{"taxonomy":"post_tag","embeddable":true,"href":"https:\/\/develop.immobilienbusiness.ch\/en\/wp-json\/wp\/v2\/tags?post=1262"}],"curies":[{"name":"wp","href":"https:\/\/api.w.org\/{rel}","templated":true}]}}