{"id":1247,"date":"2021-02-04T19:17:26","date_gmt":"2021-02-04T18:17:26","guid":{"rendered":"https:\/\/develop.immobilienbusiness.ch\/de\/allgemein\/2021-02-04\/globus-verkauft-schild-und-navyboot-filialen\/"},"modified":"2021-02-04T19:17:26","modified_gmt":"2021-02-04T18:17:26","slug":"globus-verkauft-schild-und-navyboot-filialen","status":"publish","type":"post","link":"https:\/\/develop.immobilienbusiness.ch\/en\/ib\/2021-02-04\/globus-verkauft-schild-und-navyboot-filialen\/","title":{"rendered":"Globus verkauft Schild- und Navyboot-Filialen"},"content":{"rendered":"<p><span><span><span>Der ehemalige Globus-Chef Thomas Herbert und die Besitzer der Modekette Bayard \u2013 Silvia Bayard und Fredy Bayard \u2013 erwarben neben den 31 Schild- bzw. Herren-Globus-Fachgesch\u00e4ften auch die vier Navyboot-Filialen. Zusammen mit den Mietvertr\u00e4gen werden auch die rund 320 Mitarbeitenden der Filialen \u00fcbernommen. Die Gesch\u00e4fte werden je nach Standort als Schuhladen unter dem Label \u00abNavyboot\u00bb oder als \u00abBayard\u00bb-Laden betrieben. Die Bayards sind seit 2017 Besitzer der gleichnamigen Modekette und betreiben bereits 75 Standorte in der ganzen Schweiz.<\/span><\/span><\/span><\/p>\n<p><span><span><span>Die drei Investoren sind <a href=\"https:\/\/www.handelszeitung.ch\/unternehmen\/thomas-herbert-und-die-bayards-kaufen-31-geschafte-von-globus \">nach Medienberichten<\/a> mit der \u00dcbernahme ein Wagnis eingegangen. Denn die 31 L\u00e4den machten zusammen keinen Gewinn, wie aus einer Mitteilung hervorgehe, so die <em>Handelszeitung<\/em>: 2019 sei bei einem Umsatz von 90 Millionen CHF ein Betriebsverlust (EBIT) entstanden. Viele der Standorte befinden sich in Kleinst\u00e4dten oder Agglomerationsgemeinden wie Aubonne, Pf\u00e4ffikon, Uster oder Emmenbr\u00fccke.<\/span><\/span><\/span><\/p>\n<p><span><span><span>Die Warenhausgruppe Globus war mitsamt ihren Liegenschaften in Top-Lagen bereits 2020 von der Migros an die thail\u00e4ndische Central Group und die \u00f6sterreichische Signa Holding verkauft worden. Nach dem nun vollzogenen Verkauf des Filialgesch\u00e4fts besteht Globus noch aus acht Warenh\u00e4usern, die auf Luxus und Exklusivit\u00e4t ausgerichtet werden sollen. Der neuen Strategie k\u00f6nnten nach Vermutungen von Medien weitere Standorte zum Opfer fallen. <\/span><\/span><\/span><\/p>","protected":false},"excerpt":{"rendered":"<p><span><span><span>Das Unternehmertrio Thomas Herbert, Silvia Bayard und Fredy Bayard hat alle ehemaligen Schild- und Herren-Globus-Filialen sowie alle Navyboot-Filialen der Globus-Gruppe zum 1. Februar 2021 \u00fcbernommen. <\/span><\/span><\/span><\/p>","protected":false},"author":1,"featured_media":0,"comment_status":"closed","ping_status":"closed","sticky":false,"template":"","format":"standard","meta":{"_acf_changed":false,"footnotes":""},"categories":[5],"tags":[16,41],"class_list":["post-1247","post","type-post","status-publish","format-standard","hentry","category-ib","tag-retail","tag-verkauf"],"acf":[],"_links":{"self":[{"href":"https:\/\/develop.immobilienbusiness.ch\/en\/wp-json\/wp\/v2\/posts\/1247","targetHints":{"allow":["GET"]}}],"collection":[{"href":"https:\/\/develop.immobilienbusiness.ch\/en\/wp-json\/wp\/v2\/posts"}],"about":[{"href":"https:\/\/develop.immobilienbusiness.ch\/en\/wp-json\/wp\/v2\/types\/post"}],"author":[{"embeddable":true,"href":"https:\/\/develop.immobilienbusiness.ch\/en\/wp-json\/wp\/v2\/users\/1"}],"replies":[{"embeddable":true,"href":"https:\/\/develop.immobilienbusiness.ch\/en\/wp-json\/wp\/v2\/comments?post=1247"}],"version-history":[{"count":0,"href":"https:\/\/develop.immobilienbusiness.ch\/en\/wp-json\/wp\/v2\/posts\/1247\/revisions"}],"wp:attachment":[{"href":"https:\/\/develop.immobilienbusiness.ch\/en\/wp-json\/wp\/v2\/media?parent=1247"}],"wp:term":[{"taxonomy":"category","embeddable":true,"href":"https:\/\/develop.immobilienbusiness.ch\/en\/wp-json\/wp\/v2\/categories?post=1247"},{"taxonomy":"post_tag","embeddable":true,"href":"https:\/\/develop.immobilienbusiness.ch\/en\/wp-json\/wp\/v2\/tags?post=1247"}],"curies":[{"name":"wp","href":"https:\/\/api.w.org\/{rel}","templated":true}]}}