{"id":1241,"date":"2021-02-03T09:19:52","date_gmt":"2021-02-03T08:19:52","guid":{"rendered":"https:\/\/develop.immobilienbusiness.ch\/de\/allgemein\/2021-02-03\/aargau-akb-senkt-in-der-pandemie-mieten-fur-gewerbetreibende\/"},"modified":"2021-02-03T09:19:52","modified_gmt":"2021-02-03T08:19:52","slug":"aargau-akb-senkt-in-der-pandemie-mieten-fur-gewerbetreibende","status":"publish","type":"post","link":"https:\/\/develop.immobilienbusiness.ch\/en\/ib\/2021-02-03\/aargau-akb-senkt-in-der-pandemie-mieten-fur-gewerbetreibende\/","title":{"rendered":"Aargau: AKB senkt in der Pandemie Mieten f\u00fcr Gewerbetreibende"},"content":{"rendered":"<p><span><span><span>Alle Mieter von Gewerbeliegenschaften der AKB sollen f\u00fcr drei Monate eine Mietreduktion um 50% erhalten. Gewerbetreibende ohne signifikante Einbussen forderte die Bank zu einem Verzicht auf den Mietnachlass auf. Die so freiwerdenden Mittel w\u00fcrden laut Mitteilung der AKB dann den Mietenden zugewiesen, die aufgrund der Corona-Pandemie massive finanzielle Verluste verzeichnen. <\/span><\/span><\/span><\/p>\n<p><span><span><span>Ziel der Aktion sei es, das Gewerbe in der Region zu unterst\u00fctzen und lokale Arbeitspl\u00e4tze zu erhalten, teilt die Bank mit. Die AKB hatte diese Aktion bereits im Fr\u00fchjahr 2020 zum ersten Mal durchgef\u00fchrt. <\/span><\/span><\/span><\/p>","protected":false},"excerpt":{"rendered":"<p><span><span><span>Die Aargauische Kantonalbank (AKB) halbiert den Mietern ihrer Gewerbeliegenschaften wegen der Corona-Pandemie f\u00fcr drei Monate die Mietkosten. <\/span><\/span><\/span><\/p>","protected":false},"author":1,"featured_media":0,"comment_status":"closed","ping_status":"closed","sticky":false,"template":"","format":"standard","meta":{"_acf_changed":false,"footnotes":""},"categories":[5],"tags":[6,16],"class_list":["post-1241","post","type-post","status-publish","format-standard","hentry","category-ib","tag-ag","tag-retail"],"acf":[],"_links":{"self":[{"href":"https:\/\/develop.immobilienbusiness.ch\/en\/wp-json\/wp\/v2\/posts\/1241","targetHints":{"allow":["GET"]}}],"collection":[{"href":"https:\/\/develop.immobilienbusiness.ch\/en\/wp-json\/wp\/v2\/posts"}],"about":[{"href":"https:\/\/develop.immobilienbusiness.ch\/en\/wp-json\/wp\/v2\/types\/post"}],"author":[{"embeddable":true,"href":"https:\/\/develop.immobilienbusiness.ch\/en\/wp-json\/wp\/v2\/users\/1"}],"replies":[{"embeddable":true,"href":"https:\/\/develop.immobilienbusiness.ch\/en\/wp-json\/wp\/v2\/comments?post=1241"}],"version-history":[{"count":0,"href":"https:\/\/develop.immobilienbusiness.ch\/en\/wp-json\/wp\/v2\/posts\/1241\/revisions"}],"wp:attachment":[{"href":"https:\/\/develop.immobilienbusiness.ch\/en\/wp-json\/wp\/v2\/media?parent=1241"}],"wp:term":[{"taxonomy":"category","embeddable":true,"href":"https:\/\/develop.immobilienbusiness.ch\/en\/wp-json\/wp\/v2\/categories?post=1241"},{"taxonomy":"post_tag","embeddable":true,"href":"https:\/\/develop.immobilienbusiness.ch\/en\/wp-json\/wp\/v2\/tags?post=1241"}],"curies":[{"name":"wp","href":"https:\/\/api.w.org\/{rel}","templated":true}]}}