{"id":1227,"date":"2021-02-01T09:21:05","date_gmt":"2021-02-01T08:21:05","guid":{"rendered":"https:\/\/develop.immobilienbusiness.ch\/de\/allgemein\/2021-02-01\/basel-verkehrsinfrastruktur-soll-verbessert-werden\/"},"modified":"2021-02-01T09:21:05","modified_gmt":"2021-02-01T08:21:05","slug":"basel-verkehrsinfrastruktur-soll-verbessert-werden","status":"publish","type":"post","link":"https:\/\/develop.immobilienbusiness.ch\/en\/ib\/2021-02-01\/basel-verkehrsinfrastruktur-soll-verbessert-werden\/","title":{"rendered":"Basel: Verkehrsinfrastruktur soll verbessert werden"},"content":{"rendered":"<p><span><span><span>Die Kantone Basel-Landschaft und Basel-Stadt haben eine erste Absichtserkl\u00e4rung unterzeichnet, um die als unbefriedigend empfundene Verkehrssituation im Gebiet Basel West, Allschwil und Binningen\/Bottmingen zu verbessern. Insgesamt sechs Projekte f\u00fcr den \u00f6ffentlichen Verkehr, den motorisierten Individualverkehr und den Veloverkehr sind geplant. Im Fokus steht das Gebiet Bachgraben\/Allschwil, wo in den n\u00e4chsten Jahren rund 6.000 neue Arbeitspl\u00e4tze entstehen werden. <\/span><\/span><\/span><\/p>\n<p><span><span><span>Die Erschliessung des Gebiets soll zum einen durch einen neuen unterirdischen Autobahnzubringer Bachgraben-Allschwil zur Nordtangenten-Autobahn geschehen. Geplant sind ferner bessere \u00d6V-Anbindungen und Velovorzugsrouten zwischen dem Bachgraben-Areal und dem Bahnhof SBB und Basel Nord. Der Kanton Baselland wird gem\u00e4ss der Absichtserkl\u00e4rung die Kosten f\u00fcr den Strassenbau \u00fcbernehmen, Basel-Stadt kommt f\u00fcr die \u00d6V-Verbindung auf.<\/span><\/span><\/span><\/p>","protected":false},"excerpt":{"rendered":"<p><span><span><span>Die Kantone Basel-Landschaft und Basel-Stadt wollen die Verkehrsinfrastruktur verbessern, um insbesondere das Entwicklungsgebiet Bachgraben in Allschwil (BL) besser zu erschliessen.<\/span><\/span><\/span><\/p>","protected":false},"author":23,"featured_media":0,"comment_status":"closed","ping_status":"closed","sticky":false,"template":"","format":"standard","meta":{"_acf_changed":false,"footnotes":""},"categories":[5],"tags":[18,2,62],"class_list":["post-1227","post","type-post","status-publish","format-standard","hentry","category-ib","tag-bl","tag-bs","tag-infrastruktur"],"acf":[],"_links":{"self":[{"href":"https:\/\/develop.immobilienbusiness.ch\/en\/wp-json\/wp\/v2\/posts\/1227","targetHints":{"allow":["GET"]}}],"collection":[{"href":"https:\/\/develop.immobilienbusiness.ch\/en\/wp-json\/wp\/v2\/posts"}],"about":[{"href":"https:\/\/develop.immobilienbusiness.ch\/en\/wp-json\/wp\/v2\/types\/post"}],"author":[{"embeddable":true,"href":"https:\/\/develop.immobilienbusiness.ch\/en\/wp-json\/wp\/v2\/users\/23"}],"replies":[{"embeddable":true,"href":"https:\/\/develop.immobilienbusiness.ch\/en\/wp-json\/wp\/v2\/comments?post=1227"}],"version-history":[{"count":0,"href":"https:\/\/develop.immobilienbusiness.ch\/en\/wp-json\/wp\/v2\/posts\/1227\/revisions"}],"wp:attachment":[{"href":"https:\/\/develop.immobilienbusiness.ch\/en\/wp-json\/wp\/v2\/media?parent=1227"}],"wp:term":[{"taxonomy":"category","embeddable":true,"href":"https:\/\/develop.immobilienbusiness.ch\/en\/wp-json\/wp\/v2\/categories?post=1227"},{"taxonomy":"post_tag","embeddable":true,"href":"https:\/\/develop.immobilienbusiness.ch\/en\/wp-json\/wp\/v2\/tags?post=1227"}],"curies":[{"name":"wp","href":"https:\/\/api.w.org\/{rel}","templated":true}]}}