{"id":1171,"date":"2021-01-14T08:54:08","date_gmt":"2021-01-14T07:54:08","guid":{"rendered":"https:\/\/develop.immobilienbusiness.ch\/de\/allgemein\/2021-01-14\/wincasa-neubesetzungen-in-der-romandie\/"},"modified":"2021-01-14T08:54:08","modified_gmt":"2021-01-14T07:54:08","slug":"wincasa-neubesetzungen-in-der-romandie","status":"publish","type":"post","link":"https:\/\/develop.immobilienbusiness.ch\/en\/ib\/2021-01-14\/wincasa-neubesetzungen-in-der-romandie\/","title":{"rendered":"Wincasa: Neubesetzungen in der Romandie"},"content":{"rendered":"<p><span><span><span>Der fr\u00fchere Fussballprofi Luca Ippoliti hat 2004 eine Laufbahn in der Immobilienbranche gestartet. Bei Privera amtete er in diversen Funktionen \u2013 vom Bewirtschafter zum Teamleiter und ab 2014 als Filialleiter. Nun hat Wincasa ihn zum Regionenleiter Bewirtschaftung West bestellt. Ippoliti verf\u00fcge \u00fcber ein sehr grosses Netzwerk in der Romandie und spreche alle drei Landessprachen fliessend, was ihn \u00abzum idealen Br\u00fcckenbauer zwischen der Deutsch- und Westschweiz\u00bb mache, so Wincasa.<\/span><\/span><\/span><\/p>\n<p><span><span><span>Ab 1. M\u00e4rz werden zwei der vier Wincasa-Filialen in der Romandie unter neuer Leitung. Sabina Golac \u00fcbernimmt die Filialleitung in Neuch\u00e2tel. Die 36-J\u00e4hrige ist seit mehr als 13 Jahren in verschiedenen leitenden Positionen t\u00e4tig, zuletzt als Real Estate Manager bei bei B\u00e2loise Asset Management. <\/span><\/span><\/span><\/p>\n<p><span><span><span>In Lausanne \u00fcbernimmt Patrick Cordey. Er hat u.a. einen eidgen\u00f6ssischen FA in Immobilienbewirtschaftung und -Vermarktung, einen Bachelor of Science in Wirtschaft und Management und ist diplomierter Betriebswirtschafter. Nach verschiedenen Stationen bei Privera und Mobimo wechselte er 2013 zur SBB in Lausanne, wo er zuletzt den Bereich Investment Property Management mit 30 Mitarbeitenden f\u00fchrte.<\/span><\/span><\/span><\/p>","protected":false},"excerpt":{"rendered":"<p><span><span><span>Luca Ippoliti ist neuer Regionenleiter Bewirtschaftung West beim Immobiliendienstleister Wincasa. Ab M\u00e4rz werden ausserdem die Filialen in Lausanne und Neuch\u00e2tel unter neuer Leitung stehen. <\/span><\/span><\/span><\/p>","protected":false},"author":23,"featured_media":0,"comment_status":"closed","ping_status":"closed","sticky":false,"template":"","format":"standard","meta":{"_acf_changed":false,"footnotes":""},"categories":[5],"tags":[51,61,74,44],"class_list":["post-1171","post","type-post","status-publish","format-standard","hentry","category-ib","tag-facility-property-manager","tag-ne","tag-personalia","tag-vd"],"acf":[],"_links":{"self":[{"href":"https:\/\/develop.immobilienbusiness.ch\/en\/wp-json\/wp\/v2\/posts\/1171","targetHints":{"allow":["GET"]}}],"collection":[{"href":"https:\/\/develop.immobilienbusiness.ch\/en\/wp-json\/wp\/v2\/posts"}],"about":[{"href":"https:\/\/develop.immobilienbusiness.ch\/en\/wp-json\/wp\/v2\/types\/post"}],"author":[{"embeddable":true,"href":"https:\/\/develop.immobilienbusiness.ch\/en\/wp-json\/wp\/v2\/users\/23"}],"replies":[{"embeddable":true,"href":"https:\/\/develop.immobilienbusiness.ch\/en\/wp-json\/wp\/v2\/comments?post=1171"}],"version-history":[{"count":0,"href":"https:\/\/develop.immobilienbusiness.ch\/en\/wp-json\/wp\/v2\/posts\/1171\/revisions"}],"wp:attachment":[{"href":"https:\/\/develop.immobilienbusiness.ch\/en\/wp-json\/wp\/v2\/media?parent=1171"}],"wp:term":[{"taxonomy":"category","embeddable":true,"href":"https:\/\/develop.immobilienbusiness.ch\/en\/wp-json\/wp\/v2\/categories?post=1171"},{"taxonomy":"post_tag","embeddable":true,"href":"https:\/\/develop.immobilienbusiness.ch\/en\/wp-json\/wp\/v2\/tags?post=1171"}],"curies":[{"name":"wp","href":"https:\/\/api.w.org\/{rel}","templated":true}]}}