{"id":1168,"date":"2021-01-14T12:34:00","date_gmt":"2021-01-14T11:34:00","guid":{"rendered":"https:\/\/develop.immobilienbusiness.ch\/de\/allgemein\/2021-01-14\/zurich-2020-rund-75-prozent-weniger-passagiere-am-flughafen-zurich\/"},"modified":"2021-01-14T12:34:00","modified_gmt":"2021-01-14T11:34:00","slug":"zurich-2020-rund-75-prozent-weniger-passagiere-am-flughafen-zurich","status":"publish","type":"post","link":"https:\/\/develop.immobilienbusiness.ch\/en\/ib\/2021-01-14\/zurich-2020-rund-75-prozent-weniger-passagiere-am-flughafen-zurich\/","title":{"rendered":"Z\u00fcrich: 2020 rund 75 Prozent weniger Passagiere am Flughafen Z\u00fcrich"},"content":{"rendered":"<p>\u00abWir blicken auf ein sehr herausforderndes und turbulentes Jahr zur\u00fcck\u00bb,\u00a0 sagt Flughafen Z\u00fcrich AG CEO Stephan Widrig. Der internationale Reiseverkehr sei zeitweise fast vollst\u00e4ndig zum Erliegen gekommen, dennoch habe man den Flughafen Z\u00fcrich immer offen gehalten, um die Anbindung der Schweiz an die Welt sicherzustellen. \u00abSt\u00e4ndig \u00e4ndernde Reisebestimmungen und Quarant\u00e4neregeln f\u00fchren bei Reisenden wie Unternehmen zu grosser Unsicherheit. Sobald es die medizinische Lage erlaubt, muss Reisen unter Einhaltung von Schutzmassnahmen ohne Restriktionen wieder m\u00f6glich sein\u00bb,\u00a0 so Widrig. F\u00fcr den Schweizer Tourismus wie auch die vom Aussenhandel abh\u00e4ngige Schweizer Wirtschaft sei es wichtig, dass wieder ein planbarer internationaler Reiseverkehr stattfinden kann, meint der Flughafen-Chef: \u00abDie Anerkennung von Impfungen und negativen Testresultaten, um allf\u00e4llige Quarant\u00e4nebestimmungen aufzuheben, wird eine wichtige Rolle spielen bei der R\u00fcckkehr zur Normalit\u00e4t im Luftverkehr. Wir rechnen mit einer langsamen und schrittweisen Erholung des internationalen Reiseverkehrs ab Mitte 2021.\u00bb<\/p>\n<p>\n<strong>Verkehrsstatistik 2020<\/strong><br \/>\nInsgesamt sind im vergangenen Jahr 8.341.047 Passagiere \u00fcber den Flughafen Z\u00fcrich geflogen. Im Vergleich zum Vorjahr entspricht das einer Abnahme von 73,5 Prozent.\u00a0 Die Zahl der Lokalpassagiere im Jahr 2020 sank um 71,7 Prozent auf 6,3 Millionen. Der Anteil der Umsteigepassagiere am Passagiervolumen ist von 29,3 Prozent im Jahr 2019 auf 24,2 Prozent im Jahr 2020 gesunken. Die Zahl der Umsteigepassagiere am Flughafen Z\u00fcrich sank um 78,2 Prozent auf 2,0 Millionen.<br \/>\nDie durchschnittliche Anzahl der Passagiere pro Flug ist von 129,6 auf 103,0 gesunken. Das Sitzplatzangebot von und nach Z\u00fcrich sank um 66,2 Prozent, gleichzeitig waren die Flugzeuge im Jahr 2020 mit 61,2 Prozent um -17,1 Prozentpunkte schlechter ausgelastet.<br \/>\nInsgesamt gab es im Coronajahr 111.328 Flugbewegungen, was einem Minus von 59,6 Prozent gegen\u00fcber 2019 entspricht. Der Verkehrsanteil von Swiss International Air Lines betrug 49,5 Prozent, gefolgt von Edelweiss Air (8,0%), Deutsche Lufthansa AG (4,4%) und Eurowings GmbH (3.3%).<br \/>\nDas Frachtvolumen sank im Jahr 2020 um 35,6 Prozent gegen\u00fcber 2019. Im Berichtsjahr wurden insgesamt 291.163 Tonnen Fracht transportiert. Das Frachtvolumen sank deutlich geringer als die Passagierzahlen und Anzahl Flugbewegungen. Zudem hat die Anzahl reiner Frachtfl\u00fcge am Flughafen Z\u00fcrich um 2.130 Flugbewegungen gegen\u00fcber 2019 zugenommen. So viele Frachtfl\u00fcge fanden in der Geschichte des Flughafens Z\u00fcrich bisher noch nie statt.<\/p>\n<p><strong>Verkehrsstatistik vom Dezember 2020<\/strong><\/p>\n<p>Im Dezember 2020 sind 355.315 Passagiere \u00fcber den Flughafen Z\u00fcrich geflogen. Das entspricht einem Minus von 84,8 Prozent gegen\u00fcber derselben Periode des Vorjahres. Die Anzahl Lokalpassagiere sank im Dezember 2020 um 82,9 Prozent auf 276.618. Der Anteil der Umsteigepassagiere lag bei 21,4 Prozent (-8.9 Prozentpunkte gegen\u00fcber Vorjahr) und die Zahl der Umsteigepassagiere sank um 89,3 Prozent auf 75.642.<br \/>\nDie Anzahl Flugbewegungen sank im Vergleich zum Vorjahresmonat um 68,0 Prozent\u00a0 auf 6.471 Starts oder Landungen. Die durchschnittliche Zahl Passagiere pro Flug lag mit 85,9 Flugg\u00e4sten -33,9 Prozent unter dem Vorjahresniveau. Die Sitzplatzauslastung ist im Berichtsmonat um 26,1 Prozentpunkte auf 50,5 Prozent gesunken. Insgesamt wurden am Flughafen Z\u00fcrich im Dezember 27,402 Tonnen Fracht abgewickelt. Das entspricht einem R\u00fcckgang von 28,8 Prozent gegen\u00fcber dem Vorjahresmonat.<\/p>","protected":false},"excerpt":{"rendered":"<p><span><span>Aufgrund der Coronapandemie erlitt der Flughafen Z\u00fcrich letztes Jahr einen historischen Verkehrseinbruch: 2020 flogen 8,3 Millionen Passagiere \u00fcber den Flughafen Z\u00fcrich, gegen\u00fcber 31.5 Millionen Passagieren im Vorjahr.<\/span><\/span><\/p>","protected":false},"author":24,"featured_media":0,"comment_status":"closed","ping_status":"closed","sticky":false,"template":"","format":"standard","meta":{"_acf_changed":false,"footnotes":""},"categories":[5],"tags":[62,42],"class_list":["post-1168","post","type-post","status-publish","format-standard","hentry","category-ib","tag-infrastruktur","tag-zh"],"acf":[],"_links":{"self":[{"href":"https:\/\/develop.immobilienbusiness.ch\/en\/wp-json\/wp\/v2\/posts\/1168","targetHints":{"allow":["GET"]}}],"collection":[{"href":"https:\/\/develop.immobilienbusiness.ch\/en\/wp-json\/wp\/v2\/posts"}],"about":[{"href":"https:\/\/develop.immobilienbusiness.ch\/en\/wp-json\/wp\/v2\/types\/post"}],"author":[{"embeddable":true,"href":"https:\/\/develop.immobilienbusiness.ch\/en\/wp-json\/wp\/v2\/users\/24"}],"replies":[{"embeddable":true,"href":"https:\/\/develop.immobilienbusiness.ch\/en\/wp-json\/wp\/v2\/comments?post=1168"}],"version-history":[{"count":0,"href":"https:\/\/develop.immobilienbusiness.ch\/en\/wp-json\/wp\/v2\/posts\/1168\/revisions"}],"wp:attachment":[{"href":"https:\/\/develop.immobilienbusiness.ch\/en\/wp-json\/wp\/v2\/media?parent=1168"}],"wp:term":[{"taxonomy":"category","embeddable":true,"href":"https:\/\/develop.immobilienbusiness.ch\/en\/wp-json\/wp\/v2\/categories?post=1168"},{"taxonomy":"post_tag","embeddable":true,"href":"https:\/\/develop.immobilienbusiness.ch\/en\/wp-json\/wp\/v2\/tags?post=1168"}],"curies":[{"name":"wp","href":"https:\/\/api.w.org\/{rel}","templated":true}]}}