{"id":1159,"date":"2020-06-16T09:17:24","date_gmt":"2020-06-16T07:17:24","guid":{"rendered":"https:\/\/develop.immobilienbusiness.ch\/de\/allgemein\/2020-06-16\/basel-swiss-life-kauft-teil-des-areal-klybeck\/"},"modified":"2020-06-16T09:17:24","modified_gmt":"2020-06-16T07:17:24","slug":"basel-swiss-life-kauft-teil-des-areal-klybeck","status":"publish","type":"post","link":"https:\/\/develop.immobilienbusiness.ch\/en\/ib\/2020-06-16\/basel-swiss-life-kauft-teil-des-areal-klybeck\/","title":{"rendered":"Basel: Swiss Life kauft Teil des Areal Klybeck"},"content":{"rendered":"<p>Das rund 300.000 qm grosse Klybeckareal gilt als eines der gr\u00f6ssten Entwicklungsgebiete in der Schweiz. Die beiden Chemiekonzerne Novartis und BASF als Grundeigent\u00fcmer haben mit dem Kanton Basel-Stadt im Jahr 2016 eine Planungsvereinbarung zur st\u00e4dtebaulichen Entwicklung des Industrieareals unterzeichnet.<\/p>\n<p>Im Mai dieses Jahres verkaufte Novartis ihren Anteil an dem Gel\u00e4nde an die Beteiligungsgesellschaft Central Real Estate, die von der Baloise, der Zuger Pensionskasse, der Credit Suisse Anlagestiftung und der J. Safra Sarasin Anlagestiftung sowie weiteren Schweizer Pensionskassen gegr\u00fcndet wurde.<\/p>\n<p>Nun trennt sich auch die BASF von ihrem rund 120.000 qm grossen Anteil. Der neue Eigent\u00fcmer Swiss Life werde das Klybeckareal gemeinsam mit dem Entwicklungspartner Bricks langfristig entwickeln und die in der Planungsvereinbarung und mit der Zwischennutzung eingegangenen vertraglichen Verpflichtungen vollumf\u00e4nglich von BASF \u00fcbernehmen, heisst es in einer gemeinsamen Mitteilung von Swiss Life und BASF.<\/p>\n<h2>BASF mietet B\u00fcrogeb\u00e4ude zur\u00fcck<\/h2>\n<p>BASF nutzt derzeit ein B\u00fcrogeb\u00e4ude auf dem Klybeckareal, es wurde bis auf Weiteres von der neuen Eigent\u00fcmerin zur\u00fcckgemietet. Der Pharmakonzern will die B\u00fcroarbeitspl\u00e4tze mittelfristig in einer Mietimmobilie im Grossraum Basel unterbringen.<\/p>\n<p>Bei BASF heisst es, man habe die Arealentwicklung mit Novartis und dem Kanton angestossen, die weitere Entwicklung des zuk\u00fcnftigen Stadtquartiers solle nun aber durch einen Eigent\u00fcmer fortgef\u00fchrt werden, dessen Kernkompetenzen schwerpunktm\u00e4ssig im Bereich der Areal- und Stadtentwicklung liegen. Swiss Life teilt mit, man baue mit dem Erwerb des Arealteils das Portfolio im Grossraum Basel aus &#8211;\u00a0einer Region mit starkem Wirtschaftsstandort und hoher Lebensqualit\u00e4t.<\/p>\n<p>Lead Advisor f\u00fcr BASF war SPG Intercity Zurich; das Team bestand aus Robert Hauri, B\u00e9atrice Gollong und Pascal Schmid. Der Immobiliendienstleister war bereits von der Pharmafirma Novartis mit dem Verkauf ihres Arealteils beauftragt worden.<\/p>","protected":false},"excerpt":{"rendered":"<p>Die BASF hat ihren rund 120.000 qm grossen Anteil am Klybeckareal in Basel an Swiss Life verkauft. Das ehemalige Industriegel\u00e4nde soll zu einem Stadtquartier werden.<\/p>","protected":false},"author":23,"featured_media":0,"comment_status":"closed","ping_status":"closed","sticky":false,"template":"","format":"standard","meta":{"_acf_changed":false,"footnotes":""},"categories":[5],"tags":[2,11,41],"class_list":["post-1159","post","type-post","status-publish","format-standard","hentry","category-ib","tag-bs","tag-in-planung","tag-verkauf"],"acf":[],"_links":{"self":[{"href":"https:\/\/develop.immobilienbusiness.ch\/en\/wp-json\/wp\/v2\/posts\/1159","targetHints":{"allow":["GET"]}}],"collection":[{"href":"https:\/\/develop.immobilienbusiness.ch\/en\/wp-json\/wp\/v2\/posts"}],"about":[{"href":"https:\/\/develop.immobilienbusiness.ch\/en\/wp-json\/wp\/v2\/types\/post"}],"author":[{"embeddable":true,"href":"https:\/\/develop.immobilienbusiness.ch\/en\/wp-json\/wp\/v2\/users\/23"}],"replies":[{"embeddable":true,"href":"https:\/\/develop.immobilienbusiness.ch\/en\/wp-json\/wp\/v2\/comments?post=1159"}],"version-history":[{"count":0,"href":"https:\/\/develop.immobilienbusiness.ch\/en\/wp-json\/wp\/v2\/posts\/1159\/revisions"}],"wp:attachment":[{"href":"https:\/\/develop.immobilienbusiness.ch\/en\/wp-json\/wp\/v2\/media?parent=1159"}],"wp:term":[{"taxonomy":"category","embeddable":true,"href":"https:\/\/develop.immobilienbusiness.ch\/en\/wp-json\/wp\/v2\/categories?post=1159"},{"taxonomy":"post_tag","embeddable":true,"href":"https:\/\/develop.immobilienbusiness.ch\/en\/wp-json\/wp\/v2\/tags?post=1159"}],"curies":[{"name":"wp","href":"https:\/\/api.w.org\/{rel}","templated":true}]}}